{"id":15045,"date":"2021-07-11T21:57:24","date_gmt":"2021-07-11T19:57:24","guid":{"rendered":"http:\/\/www.mbfatimska.pl\/?p=15045"},"modified":"2021-07-11T21:57:24","modified_gmt":"2021-07-11T19:57:24","slug":"kolejny-transport-z-darami-dotarl-na-litwe-2","status":"publish","type":"post","link":"https:\/\/mbfatimska.ovh\/index.php\/2021\/07\/11\/kolejny-transport-z-darami-dotarl-na-litwe-2\/","title":{"rendered":"Kolejny transport z darami dotar\u0142 na Litw\u0119"},"content":{"rendered":"<p>15 czerwca 2021 roku z naszej parafii po raz kolejny wyruszy\u0142 samoch\u00f3d pe\u0142en dar\u00f3w przeznaczonych dla Polak\u00f3w mieszkaj\u0105cych na Litwie. 13 czerwca w ko\u015bciele odby\u0142a si\u0119 zbi\u00f3rka \u017cywno\u015bci, informacja o akcji ukaza\u0142a si\u0119 odpowiednio wcze\u015bniej. Tym razem zbierali\u015bmy artyku\u0142y \u017cywno\u015bciowe. Opr\u00f3cz tego, co do ko\u015bcio\u0142a dostarczyli nasi wspaniali darczy\u0144cy Parafia Matki Bo\u017cej Fatimskiej wsp\u00f3lnie z Legionowskim Stowarzyszeniem Amicus zakupi\u0142a jeszcze kilkadziesi\u0105t kilogram\u00f3w w\u0119dlin oraz przetwor\u00f3w mi\u0119snych a tak\u017ce bardzo wiele innych artyku\u0142\u00f3w spo\u017cywczych. Za kierownic\u0105 w pe\u0142ni za\u0142adowanego samochodu zasiad\u0142 proboszcz ksi\u0105dz Tomasz Chcia\u0142owski i po kilku godzinach jazdy dotar\u0142 do pierwszej z dw\u00f3ch zaplanowanych miejscowo\u015bci. W Ja\u0142\u00f3wce \u017cywno\u015b\u0107 zosta\u0142a odebrana przez przedstawicieli zaprzyja\u017anionego Gimnazjum im. \u015aw. Jana Bosko i za ich po\u015brednictwem rozprowadzona w\u015br\u00f3d najbardziej potrzebuj\u0105cych rodak\u00f3w mieszkaj\u0105cych w tej w\u0142a\u015bnie miejscowo\u015bci. Kolejne kilka godzin za kierownic\u0105 i Turmonty. Tu zostaje roz\u0142adowana pozosta\u0142a cz\u0119\u015b\u0107 dar\u00f3w. Dary przekazane zosta\u0142y tutejszej parafii sk\u0105d dalej trafi\u0105 do dom\u00f3w Polak\u00f3w znajduj\u0105cych si\u0119 w najtrudniejszej sytuacji \u017cyciowej. W tym miejscu pragniemy serdecznie podzi\u0119kowa\u0107 wszystkim darczy\u0144com, wszystkim osobom pomagaj\u0105cym w zorganizowaniu i w realizacji ca\u0142ej akcji. B\u00f3g zap\u0142a\u0107!<\/p>\n<p><a href=\"http:\/\/www.mbfatimska.pl\/kolejny-transport-z-darami-dotarl-na-litwe\/\" target=\"_blank\" rel=\"noopener\">Galeria zdj\u0119\u0107<\/a><\/p>\n","protected":false},"excerpt":{"rendered":"<p>15 czerwca 2021 roku z naszej parafii po raz kolejny wyruszy\u0142 samoch\u00f3d pe\u0142en dar\u00f3w przeznaczonych dla Polak\u00f3w mieszkaj\u0105cych na Litwie. 13 czerwca w ko\u015bciele odby\u0142a si\u0119 zbi\u00f3rka \u017cywno\u015bci, informacja o akcji ukaza\u0142a si\u0119 odpowiednio wcze\u015bniej. Tym razem zbierali\u015bmy artyku\u0142y \u017cywno\u015bciowe. Opr\u00f3cz tego, co do ko\u015bcio\u0142a dostarczyli nasi wspaniali darczy\u0144cy Parafia Matki Bo\u017cej Fatimskiej wsp\u00f3lnie z [&hellip;]<\/p>\n","protected":false},"author":1,"featured_media":15039,"comment_status":"closed","ping_status":"closed","sticky":false,"template":"","format":"standard","meta":{"footnotes":""},"categories":[2],"tags":[],"class_list":["post-15045","post","type-post","status-publish","format-standard","has-post-thumbnail","hentry","category-aktualnosci"],"_links":{"self":[{"href":"https:\/\/mbfatimska.ovh\/index.php\/wp-json\/wp\/v2\/posts\/15045","targetHints":{"allow":["GET"]}}],"collection":[{"href":"https:\/\/mbfatimska.ovh\/index.php\/wp-json\/wp\/v2\/posts"}],"about":[{"href":"https:\/\/mbfatimska.ovh\/index.php\/wp-json\/wp\/v2\/types\/post"}],"author":[{"embeddable":true,"href":"https:\/\/mbfatimska.ovh\/index.php\/wp-json\/wp\/v2\/users\/1"}],"replies":[{"embeddable":true,"href":"https:\/\/mbfatimska.ovh\/index.php\/wp-json\/wp\/v2\/comments?post=15045"}],"version-history":[{"count":0,"href":"https:\/\/mbfatimska.ovh\/index.php\/wp-json\/wp\/v2\/posts\/15045\/revisions"}],"wp:featuredmedia":[{"embeddable":true,"href":"https:\/\/mbfatimska.ovh\/index.php\/wp-json\/wp\/v2\/media\/15039"}],"wp:attachment":[{"href":"https:\/\/mbfatimska.ovh\/index.php\/wp-json\/wp\/v2\/media?parent=15045"}],"wp:term":[{"taxonomy":"category","embeddable":true,"href":"https:\/\/mbfatimska.ovh\/index.php\/wp-json\/wp\/v2\/categories?post=15045"},{"taxonomy":"post_tag","embeddable":true,"href":"https:\/\/mbfatimska.ovh\/index.php\/wp-json\/wp\/v2\/tags?post=15045"}],"curies":[{"name":"wp","href":"https:\/\/api.w.org\/{rel}","templated":true}]}}