{"id":16166,"date":"2021-10-09T20:41:45","date_gmt":"2021-10-09T18:41:45","guid":{"rendered":"https:\/\/www.mbfatimska.pl\/?p=16166"},"modified":"2021-10-09T20:41:45","modified_gmt":"2021-10-09T18:41:45","slug":"28-niedziela-zwykla-2","status":"publish","type":"post","link":"https:\/\/mbfatimska.ovh\/index.php\/2021\/10\/09\/28-niedziela-zwykla-2\/","title":{"rendered":"28 Niedziela zwyk\u0142a"},"content":{"rendered":"<p style=\"text-align: left;\">1. Dzisiaj jak s\u0142yszeli\u015bmy obchodzimy kolejny Dzie\u0144 Papieski pod has\u0142em: \u201eNie l\u0119kajcie si\u0119\u201d. Przed ko\u015bcio\u0142em zbierane s\u0105 ofiary na stypendia dla utalentowanej a biedniejszej m\u0142odzie\u017cy ze wsi i miast.<br \/>\n2. Jeszcze dzisiaj o godz. 10.25 katecheza dla dzieci z klas III szko\u0142y podstawowej przed uroczysto\u015bci\u0105 I Komunii \u015bwi\u0119tej, a o godz. 19.00 w salce pod zakrysti\u0105 kolejne spotkanie dla narzeczonych w ramach kursu przedma\u0142\u017ce\u0144skiego.<br \/>\n3. Jutro, w poniedzia\u0142ek na godz. 18.00 zapraszamy na Msz\u0119 \u015bwi\u0119t\u0105, r\u00f3\u017caniec i spotkanie formacyjne rodzic\u00f3w dzieci klas III szko\u0142y podstawowej.<br \/>\n4. W \u015brod\u0119 13 pa\u017adziernika zapraszamy na ostatnie w tym roku Nabo\u017ce\u0144stwo Fatimskie. O godz. 18.00 b\u0119dzie odprawiona Msza \u015bwi\u0119ta a nast\u0119pnie procesja fatimska po\u0142\u0105czona z r\u00f3\u017ca\u0144cem fatimskim. Przed Msz\u0105 \u015bwi\u0119t\u0105 pod o\u0142tarzem mo\u017cemy z\u0142o\u017cy\u0107 intencje, kt\u00f3re b\u0119dziemy omadla\u0107 w czasie nabo\u017ce\u0144stwa.<br \/>\n5. W pi\u0105tek na terenie ko\u015bcielnym odb\u0119dzie si\u0119 Spartakiada dla os\u00f3b niepe\u0142nosprawnych. B\u0119dzie wiele konkurencji, b\u0119d\u0105 medale, dyplomy, upominki i pocz\u0119stunek. Zapraszamy na godz. 10.00. Zako\u0144czymy o godz. 14.15.<br \/>\n6. W sobot\u0119 o godz. 10.30 w ko\u015bciele spotkanie dla m\u0142odzie\u017cy przed uroczysto\u015bci\u0105 sakramentu bierzmowania, kt\u00f3ra odb\u0119dzie si\u0119 25 pa\u017adziernika (poniedzia\u0142ek) o godz. 18.00. Zapraszamy m\u0142odzie\u017c kt\u00f3ra przez ostatni rok uczestniczy\u0142a w przygotowaniu. W czasie spotkania b\u0119dzie czas na zaliczenie z pyta\u0144. Prosz\u0119 zabra\u0107 ze sob\u0105 d\u0142ugopisy.<br \/>\n7. W przysz\u0142\u0105 niedziel\u0119 o godz. 10.25 katecheza dla dzieci klas IV szko\u0142y podstawowej przed rocznic\u0105 I Komunii \u015bwi\u0119tej, a o godz. 16.00 w salce pod zakrysti\u0105 katecheza dla m\u0142odzie\u017cy klas VIII w ramach przygotowania do sakramentu bierzmowania.<br \/>\n8. Ju\u017c od tej niedzieli przed ko\u015bcio\u0142em rozdawane s\u0105 kartki na wypominki roczne, na oktaw\u0119 i jednorazowe. R\u00f3wnie\u017c w przysz\u0142\u0105 niedziel\u0119 b\u0119dziemy mogli tak\u0105 kartk\u0119 pobra\u0107. Pami\u0119tajmy o naszych bliskich zmar\u0142ych.<br \/>\n9. Zapraszamy do naszej kawiarenki na kaw\u0119, herbat\u0119, ciasto i inne s\u0142odko\u015bci. Kawiarenka prowadzona jest przez rodzic\u00f3w ministrant\u00f3w, scholi i bielanek.<br \/>\n10. W tym tygodniu w czwartek obchodzi\u0107 b\u0119dziemy Dzie\u0144 Edukacji Narodowej \u2013 Dzie\u0144 Nauczyciela. W naszych modlitwach pami\u0119tajmy o naszych wychowawcach i nauczycielach polecaj\u0105c ich mi\u0142o\u015bci Boga i Matki Naj\u015bwi\u0119tszej.<br \/>\n11. Informujemy, \u017ce parafia Matki Bo\u017cej Pompeja\u0144skiej przy ul. My\u015bliborskiej 28, organizuje ju\u017c po raz pi\u0105ty Nocn\u0105 Drog\u0119 R\u00f3\u017ca\u0144cow\u0105, kt\u00f3ra rozpocznie si\u0119 15 pa\u017adziernika o godz. 22.00 Msz\u0105 \u015bwi\u0119t\u0105 pod przewodnictwem Biskupa Romualda w ko\u015bciele \u015bw. J\u00f3zefa Oblubie\u0144ca w Legionowie. Uczestnicy przejd\u0105 w modlitwie r\u00f3\u017ca\u0144cowej z parafii \u015bw. J\u00f3zefa Oblubie\u0144ca w Legionowie tras\u0105 do Kaplicy Prymasowskiej na Choszcz\u00f3wce, nast\u0119pnie do ko\u015bcio\u0142a \u015bw. Jakuba przy ul. Mehoffera i zako\u0144cz\u0105 Drog\u0119 o godz. 7.00 rano w kaplicy Matki Bo\u017cej Pompeja\u0144skiej.<br \/>\n12. Stowarzyszenie Przyjaci\u00f3\u0142 Gminy Jab\u0142onna zaprasza 17 pa\u017adziernika w godz. 15.00-18.00 na koncert \u201eNie l\u0119kajcie si\u0119\u201d na pami\u0105tk\u0119 Dnia Papieskiego oraz mi\u0119dzynarodowego Dnia Os\u00f3b Niepe\u0142nosprawnych w Domu Weselnym Eden w Suchocinie. Organizatorzy zapraszaj\u0105 osoby z niepe\u0142nosprawno\u015bciami, ich rodziny i opiekun\u00f3w na koncert, pocz\u0119stunek i niespodzianki. Wst\u0119p wolny.<br \/>\n13. Dzi\u0119kujemy za sobotnie pe\u0142ne po\u015bwi\u0119cenia prace porz\u0105dkowe na naszym terenie ko\u015bcielnym.<\/p>\n","protected":false},"excerpt":{"rendered":"<p>1. Dzisiaj jak s\u0142yszeli\u015bmy obchodzimy kolejny Dzie\u0144 Papieski pod has\u0142em: \u201eNie l\u0119kajcie si\u0119\u201d. Przed ko\u015bcio\u0142em zbierane s\u0105 ofiary na stypendia dla utalentowanej a biedniejszej m\u0142odzie\u017cy ze wsi i miast. 2. Jeszcze dzisiaj o godz. 10.25 katecheza dla dzieci z klas III szko\u0142y podstawowej przed uroczysto\u015bci\u0105 I Komunii \u015bwi\u0119tej, a o godz. 19.00 w salce pod [&hellip;]<\/p>\n","protected":false},"author":1,"featured_media":30657,"comment_status":"closed","ping_status":"closed","sticky":false,"template":"","format":"standard","meta":{"footnotes":""},"categories":[14],"tags":[],"class_list":["post-16166","post","type-post","status-publish","format-standard","has-post-thumbnail","hentry","category-ogloszenia-parafialne"],"_links":{"self":[{"href":"https:\/\/mbfatimska.ovh\/index.php\/wp-json\/wp\/v2\/posts\/16166","targetHints":{"allow":["GET"]}}],"collection":[{"href":"https:\/\/mbfatimska.ovh\/index.php\/wp-json\/wp\/v2\/posts"}],"about":[{"href":"https:\/\/mbfatimska.ovh\/index.php\/wp-json\/wp\/v2\/types\/post"}],"author":[{"embeddable":true,"href":"https:\/\/mbfatimska.ovh\/index.php\/wp-json\/wp\/v2\/users\/1"}],"replies":[{"embeddable":true,"href":"https:\/\/mbfatimska.ovh\/index.php\/wp-json\/wp\/v2\/comments?post=16166"}],"version-history":[{"count":0,"href":"https:\/\/mbfatimska.ovh\/index.php\/wp-json\/wp\/v2\/posts\/16166\/revisions"}],"wp:featuredmedia":[{"embeddable":true,"href":"https:\/\/mbfatimska.ovh\/index.php\/wp-json\/wp\/v2\/media\/30657"}],"wp:attachment":[{"href":"https:\/\/mbfatimska.ovh\/index.php\/wp-json\/wp\/v2\/media?parent=16166"}],"wp:term":[{"taxonomy":"category","embeddable":true,"href":"https:\/\/mbfatimska.ovh\/index.php\/wp-json\/wp\/v2\/categories?post=16166"},{"taxonomy":"post_tag","embeddable":true,"href":"https:\/\/mbfatimska.ovh\/index.php\/wp-json\/wp\/v2\/tags?post=16166"}],"curies":[{"name":"wp","href":"https:\/\/api.w.org\/{rel}","templated":true}]}}