{"id":16233,"date":"2021-10-27T11:06:43","date_gmt":"2021-10-27T09:06:43","guid":{"rendered":"https:\/\/www.mbfatimska.pl\/?p=16233"},"modified":"2021-10-27T11:06:43","modified_gmt":"2021-10-27T09:06:43","slug":"sakrament-bierzmowania-25-10-2021-2","status":"publish","type":"post","link":"https:\/\/mbfatimska.ovh\/index.php\/2021\/10\/27\/sakrament-bierzmowania-25-10-2021-2\/","title":{"rendered":"Sakrament Bierzmowania. 25.10.2021"},"content":{"rendered":"<p>W miniony poniedzia\u0142ek 30 osobowa grupa m\u0142odzie\u017cy przyst\u0105pi\u0142a do Sakramentu Bierzmowania zwanego czasem sakramentem dojrza\u0142o\u015bci chrze\u015bcija\u0144skiej. Uroczyst\u0105 Msz\u0119 \u015awi\u0119t\u0105 o godzinie 18:00 celebrowa\u0142 Jego Ekscelencja Ksi\u0105dz Biskup Romuald Kami\u0144ski. Podczas homilii Ksi\u0105dz Biskup szczeg\u00f3ln\u0105 uwag\u0119 m\u0142odzie\u017cy zwr\u00f3ci\u0142 na si\u0142\u0119 i pot\u0119g\u0119 wiary. Prawdziwej wiary chrze\u015bcija\u0144skiej, kt\u00f3ra jest podstaw\u0105 dalszego doros\u0142ego, odpowiedzialnego i godnego \u017cycia. Zapraszamy do obejrzenia galerii zdj\u0119\u0107.<\/p>\n<p><a href=\"https:\/\/www.mbfatimska.pl\/sakrament-bierzmowania-25-10-2021\/\" target=\"_blank\" rel=\"noopener\">Galeria zdj\u0119\u0107<\/a><\/p>\n","protected":false},"excerpt":{"rendered":"<p>W miniony poniedzia\u0142ek 30 osobowa grupa m\u0142odzie\u017cy przyst\u0105pi\u0142a do Sakramentu Bierzmowania zwanego czasem sakramentem dojrza\u0142o\u015bci chrze\u015bcija\u0144skiej. Uroczyst\u0105 Msz\u0119 \u015awi\u0119t\u0105 o godzinie 18:00 celebrowa\u0142 Jego Ekscelencja Ksi\u0105dz Biskup Romuald Kami\u0144ski. Podczas homilii Ksi\u0105dz Biskup szczeg\u00f3ln\u0105 uwag\u0119 m\u0142odzie\u017cy zwr\u00f3ci\u0142 na si\u0142\u0119 i pot\u0119g\u0119 wiary. Prawdziwej wiary chrze\u015bcija\u0144skiej, kt\u00f3ra jest podstaw\u0105 dalszego doros\u0142ego, odpowiedzialnego i godnego \u017cycia. Zapraszamy [&hellip;]<\/p>\n","protected":false},"author":1,"featured_media":16197,"comment_status":"closed","ping_status":"closed","sticky":false,"template":"","format":"standard","meta":{"footnotes":""},"categories":[2],"tags":[],"class_list":["post-16233","post","type-post","status-publish","format-standard","has-post-thumbnail","hentry","category-aktualnosci"],"_links":{"self":[{"href":"https:\/\/mbfatimska.ovh\/index.php\/wp-json\/wp\/v2\/posts\/16233","targetHints":{"allow":["GET"]}}],"collection":[{"href":"https:\/\/mbfatimska.ovh\/index.php\/wp-json\/wp\/v2\/posts"}],"about":[{"href":"https:\/\/mbfatimska.ovh\/index.php\/wp-json\/wp\/v2\/types\/post"}],"author":[{"embeddable":true,"href":"https:\/\/mbfatimska.ovh\/index.php\/wp-json\/wp\/v2\/users\/1"}],"replies":[{"embeddable":true,"href":"https:\/\/mbfatimska.ovh\/index.php\/wp-json\/wp\/v2\/comments?post=16233"}],"version-history":[{"count":0,"href":"https:\/\/mbfatimska.ovh\/index.php\/wp-json\/wp\/v2\/posts\/16233\/revisions"}],"wp:featuredmedia":[{"embeddable":true,"href":"https:\/\/mbfatimska.ovh\/index.php\/wp-json\/wp\/v2\/media\/16197"}],"wp:attachment":[{"href":"https:\/\/mbfatimska.ovh\/index.php\/wp-json\/wp\/v2\/media?parent=16233"}],"wp:term":[{"taxonomy":"category","embeddable":true,"href":"https:\/\/mbfatimska.ovh\/index.php\/wp-json\/wp\/v2\/categories?post=16233"},{"taxonomy":"post_tag","embeddable":true,"href":"https:\/\/mbfatimska.ovh\/index.php\/wp-json\/wp\/v2\/tags?post=16233"}],"curies":[{"name":"wp","href":"https:\/\/api.w.org\/{rel}","templated":true}]}}