{"id":16287,"date":"2021-11-27T20:37:09","date_gmt":"2021-11-27T19:37:09","guid":{"rendered":"https:\/\/www.mbfatimska.pl\/?p=16287"},"modified":"2021-11-27T20:37:09","modified_gmt":"2021-11-27T19:37:09","slug":"i-niedziela-adwentu-2","status":"publish","type":"post","link":"https:\/\/mbfatimska.ovh\/index.php\/2021\/11\/27\/i-niedziela-adwentu-2\/","title":{"rendered":"I Niedziela Adwentu"},"content":{"rendered":"<p>1.\tDzisiejsz\u0105 niedziel\u0105 rozpoczynamy nowy okres liturgiczny w \u017cyciu Ko\u015bcio\u0142a jakim jest Adwent. Adwent ma nas przygotowa\u0107 do \u015bwi\u0105t Narodzenia Pa\u0144skiego jak r\u00f3wnie\u017c do powt\u00f3rnego przyj\u015bcia Pana Jezusa na ko\u0144cu czas\u00f3w.<br \/>\n2.\tW Adwencie zapraszamy na Msze \u015bwi\u0119te roratnie:<br \/>\n&#8211; poniedzia\u0142ki, \u015brody, pi\u0105tki o godz. 6.45<br \/>\n&#8211; wtorki, czwartki, soboty o godz. 18.00<br \/>\nNa Roraty zapraszamy dzieci zw\u0142aszcza komunijne i m\u0142odzie\u017c przed sakramentem bierzmowania. W tym roku b\u0119dziemy poznawa\u0107 miejscowo\u015bci w Ziemi \u015awi\u0119tej zwi\u0105zane z Panem Jezusem i w ten spos\u00f3b b\u0119dziemy w\u0119drowa\u0107 do Betlejem. Na Roraty przynosimy lampiony.<br \/>\n3.\tW tym tygodniu przed nami:<br \/>\n&#8211; I czwartek miesi\u0105ca \u2013 po Mszy \u015bwi\u0119tej o godz. 18.00 wystawienie Naj\u015bwi\u0119tszego Sakramentu, wsp\u00f3lna modlitwa Koronk\u0105 do Bo\u017cego Mi\u0142osierdzia i mo\u017cliwo\u015b\u0107 adoracji do godz.21.00<br \/>\n&#8211; I pi\u0105tek miesi\u0105ca \u2013 spowied\u017a rano w czasie Rorat i popo\u0142udniu od godz. 16.30 do 18.30<br \/>\n&#8211; I sobota miesi\u0105ca \u2013 po Mszy \u015bwi\u0119tej o godz. 18.00 nabo\u017ce\u0144stwo do Niepokalanego Serca NMP, kt\u00f3re b\u0119dzie trwa\u0142o do godz. 20.00<br \/>\n&#8211; I niedziela miesi\u0105ca \u2013 po Mszy \u015bwi\u0119tej o godz. 12.30 wystawienie Naj\u015bwi\u0119tszego Sakramentu i  mo\u017cliwo\u015b\u0107 adoracji do godz. 17.45.<br \/>\n4.\tS\u0105 jeszcze wolne intencje na Msze \u015bwi\u0119te roratnie o godz. 6.45 w poniedzia\u0142ki, \u015brody i pi\u0105tki.<br \/>\n5.\tW pi\u0105tek o godz. 19.00 w ko\u015bciele konferencja przed chrztem dziecka. Bior\u0105 w niej udzia\u0142 rodzice dzieci, kt\u00f3re maj\u0105 by\u0107 ochrzczone w naszej parafii b\u0105d\u017a innej, chrzestni oraz kandydaci na chrzestnych.<br \/>\n6.\tW przysz\u0142\u0105 niedziel\u0119 po Mszach \u015bwi\u0119tych do po\u0142udnia przed ko\u015bcio\u0142em Warsztat Terapii Zaj\u0119ciowej \u015bw. Rity b\u0119dzie organizowa\u0142 kiermasz z dorobkiem artystycznym podopiecznych os\u00f3b niepe\u0142nosprawnych. B\u0119dzie wiele artyku\u0142\u00f3w o tematyce bo\u017conarodzeniowej \u2013 \u015bwi\u0105tecznej. Zach\u0119camy do zakupu.<br \/>\n7.\tW przysz\u0142\u0105 niedziel\u0119 m\u0142odzie\u017c bierzmowana oraz inne osoby ch\u0119tne mia\u0142y pojecha\u0107 na sztuk\u0119 teatraln\u0105 do seminarium. Z powodu braku wolnych miejsc mocno ograniczonych pandemi\u0105 wyjazd jest odwo\u0142any. M\u0142odzie\u017c bierzmowana ma swoje spotkanie formacyjne o godz. 16.00 w salce pod zakrysti\u0105. Obecno\u015b\u0107 obowi\u0105zkowa.<br \/>\n8.\tW nowo powstaj\u0105cym szpitalu w Legionowie \u2013 filii szpitala WIM z Warszawy s\u0105 wolne etaty na stanowiska salowych. Wi\u0119cej informacji mo\u017cna uzyska\u0107 pod numerem telefonu 665-707-625 oraz na plakacie w gablocie.<br \/>\n9.\tNa \u015brod\u0119 na Msz\u0119 \u015bwi\u0119t\u0105 o godz. 18.00 zapraszamy osoby, kt\u00f3re co roku rozprowadza\u0142y op\u0142atki po naszych domach i mieszkaniach. Zapraszamy r\u00f3wnie\u017c innych ch\u0119tnych, kt\u00f3rzy pragn\u0105 si\u0119 w\u0142\u0105czy\u0107 w dostarczanie \u201echleba Bo\u017cego\u201d na st\u00f3\u0142 wigilijny.<br \/>\n10.\tOjcowie Kombonianie, kt\u00f3rzy w minion\u0105 niedziel\u0119 g\u0142osili S\u0142owo Bo\u017ce i rozprowadzali kalendarze katolickie na 2022 rok sk\u0142adaj\u0105 serdeczne podzi\u0119kowanie za wszelkie z\u0142o\u017cone ofiary na dalsz\u0105 dzia\u0142alno\u015b\u0107 misyjn\u0105 zgromadzenia.<br \/>\n11.\tZapraszamy do skorzystania z naszej kawiarenki parafialnej prowadzonej przez rodzic\u00f3w ministrant\u00f3w, bielanek i scholi.<\/p>\n","protected":false},"excerpt":{"rendered":"<p>1. Dzisiejsz\u0105 niedziel\u0105 rozpoczynamy nowy okres liturgiczny w \u017cyciu Ko\u015bcio\u0142a jakim jest Adwent. Adwent ma nas przygotowa\u0107 do \u015bwi\u0105t Narodzenia Pa\u0144skiego jak r\u00f3wnie\u017c do powt\u00f3rnego przyj\u015bcia Pana Jezusa na ko\u0144cu czas\u00f3w. 2. W Adwencie zapraszamy na Msze \u015bwi\u0119te roratnie: &#8211; poniedzia\u0142ki, \u015brody, pi\u0105tki o godz. 6.45 &#8211; wtorki, czwartki, soboty o godz. 18.00 Na Roraty [&hellip;]<\/p>\n","protected":false},"author":1,"featured_media":30657,"comment_status":"closed","ping_status":"closed","sticky":false,"template":"","format":"standard","meta":{"footnotes":""},"categories":[2,14],"tags":[],"class_list":["post-16287","post","type-post","status-publish","format-standard","has-post-thumbnail","hentry","category-aktualnosci","category-ogloszenia-parafialne"],"_links":{"self":[{"href":"https:\/\/mbfatimska.ovh\/index.php\/wp-json\/wp\/v2\/posts\/16287","targetHints":{"allow":["GET"]}}],"collection":[{"href":"https:\/\/mbfatimska.ovh\/index.php\/wp-json\/wp\/v2\/posts"}],"about":[{"href":"https:\/\/mbfatimska.ovh\/index.php\/wp-json\/wp\/v2\/types\/post"}],"author":[{"embeddable":true,"href":"https:\/\/mbfatimska.ovh\/index.php\/wp-json\/wp\/v2\/users\/1"}],"replies":[{"embeddable":true,"href":"https:\/\/mbfatimska.ovh\/index.php\/wp-json\/wp\/v2\/comments?post=16287"}],"version-history":[{"count":0,"href":"https:\/\/mbfatimska.ovh\/index.php\/wp-json\/wp\/v2\/posts\/16287\/revisions"}],"wp:featuredmedia":[{"embeddable":true,"href":"https:\/\/mbfatimska.ovh\/index.php\/wp-json\/wp\/v2\/media\/30657"}],"wp:attachment":[{"href":"https:\/\/mbfatimska.ovh\/index.php\/wp-json\/wp\/v2\/media?parent=16287"}],"wp:term":[{"taxonomy":"category","embeddable":true,"href":"https:\/\/mbfatimska.ovh\/index.php\/wp-json\/wp\/v2\/categories?post=16287"},{"taxonomy":"post_tag","embeddable":true,"href":"https:\/\/mbfatimska.ovh\/index.php\/wp-json\/wp\/v2\/tags?post=16287"}],"curies":[{"name":"wp","href":"https:\/\/api.w.org\/{rel}","templated":true}]}}