{"id":16308,"date":"2021-12-11T20:23:38","date_gmt":"2021-12-11T19:23:38","guid":{"rendered":"https:\/\/www.mbfatimska.pl\/?p=16308"},"modified":"2021-12-11T20:23:38","modified_gmt":"2021-12-11T19:23:38","slug":"iii-niedziela-adwentu-2","status":"publish","type":"post","link":"https:\/\/mbfatimska.ovh\/index.php\/2021\/12\/11\/iii-niedziela-adwentu-2\/","title":{"rendered":"III Niedziela Adwentu"},"content":{"rendered":"<p>1.\tWkraczamy coraz mocniej  w czas naszego bezpo\u015bredniego przygotowania do \u015bwi\u0105t Bo\u017cego narodzenia. W tym czasie zapraszamy na rekolekcje adwentowe, kt\u00f3re odb\u0119d\u0105 si\u0119 w dniach 16-18 grudnia (czwartek, pi\u0105tek, sobota). Msze \u015bwi\u0119te z naukami o godz. 9.00, 16.30 dla dzieci, 18.00 i 19.45. W sobot\u0119 w godz. 11.00-13.00 pragniemy odwiedzi\u0107 chorych z pos\u0142ug\u0105 sakramentaln\u0105. Adresy chorych prosimy zg\u0142asza\u0107 do pi\u0105tku w\u0142\u0105cznie w zakrystii. W sobot\u0119 kancelaria b\u0119dzie nieczynna.<br \/>\n2.\tDzisiaj po Mszach \u015bwi\u0119tych do po\u0142udnia go\u015bcimy zaprzyja\u017aniony Warsztat Terapii Zaj\u0119ciowej z Kisielan k. Siedlec. Osoby  niepe\u0142nosprawne  wraz z terapeutami zapraszaj\u0105 nas do zakupu wytworzonych przez siebie r\u00f3\u017cnych ozd\u00f3b \u015bwi\u0105tecznych.<br \/>\n3.\tR\u00f3wnie\u017c dzisiaj bielanki, ministranci i schola rozprowadzaj\u0105 przed ko\u015bcio\u0142em w\u0142asnor\u0119cznie wykonane przedmioty, kt\u00f3re mog\u0105 by\u0107 wspania\u0142ym prezentem bo\u017conarodzeniowym.<br \/>\n4.\tJutro rano wyruszy transport \u017cywno\u015bci i paczki \u015bwi\u0105teczne dla dzieci do polskich rodzin zamieszka\u0142ych w Kowalczukach, Ja\u0142\u00f3wce, Turmontach i Ignalinie na Litwie. Parafia i Stowarzyszenie ufundowa\u0142y 120 paczek o warto\u015bci blisko 8 tysi\u0119cy z\u0142otych z my\u015bl\u0105 o polskich dzieciach zamieszka\u0142ych na Litwie. Dzi\u0119kujemy r\u00f3wnie\u017c tym osobom, kt\u00f3re w\u0142\u0105czy\u0142y si\u0119 w przekazywanie dar\u00f3w spo\u017cywczych dla biedniejszej cz\u0119\u015bci naszych mieszka\u0144c\u00f3w oraz naszych rodak\u00f3w zamieszka\u0142ych na Kresach.<br \/>\n5.\tW poniedzia\u0142ek o godz. 19.00 w ko\u015bciele spotkanie formacyjno-informacyjne dla rodzic\u00f3w dzieci klas III przed I Komuni\u0105 \u015bwi\u0119t\u0105.<br \/>\n6.\tWe wtorek, dzie\u0144 po wspomnieniu \u015bw. Miko\u0142aja PGNiG uszcz\u0119\u015bliwi\u0142 nas rachunkami za gaz. Za okres 1,5 miesi\u0105ca nale\u017cy zap\u0142aci\u0107 12,5 tysi\u0105ca z\u0142otych. To jest tylko sam gaz\u2026a gdzie jeszcze pr\u0105d, woda, \u015bcieki, \u015bmieci..? Prosimy aby w swoich ofiarach sk\u0142adanych na tac\u0119 uwzgl\u0119dni\u0107 r\u00f3wnie\u017c znaczny wzrost utrzymania ko\u015bcio\u0142a i parafii.<br \/>\n7.\tW czasie rekolekcji, w czwartek i pi\u0105tek, po Mszy \u015bwi\u0119tej o godz. 9.00 i w niedziel\u0119 do po\u0142udnia Klub Seniora dzia\u0142aj\u0105cy na naszym terenie r\u00f3wnie\u017c zaprezentuje sw\u00f3j dorobek artystyczny o tematyce religijnej. B\u0119d\u0105 ikony, choinki, stroiki i wiele innych artyku\u0142\u00f3w.<br \/>\n8.\tW przysz\u0142\u0105 niedziel\u0119 harcerze pragn\u0105 nas zaprosi\u0107 do kupna pierniczk\u00f3w \u015bwi\u0105tecznych.<br \/>\n9.\tW przysz\u0142\u0105 niedziel\u0119 o godz. 10.25 katecheza dla dzieci klas IV przed rocznic\u0105 I Komunii \u015bwi\u0119tej.<br \/>\n10.\tOd dzisiejszej niedzieli do Nowego Roku nie b\u0119dzie czynna nasza kawiarenka parafialna.<br \/>\n11.\tRoraty w czasie rekolekcji, czyli w czwartek, pi\u0105tek i sobot\u0119 b\u0119d\u0105 odprawiane o godz. 18.00.<br \/>\n12.\tW przysz\u0142\u0105 niedziel\u0119 odb\u0119dzie si\u0119 pobieranie miary na stroje liturgiczne dla dzieci klas III szko\u0142y podstawowej przed I Komuni\u0105 \u015bwi\u0119t\u0105. Grupa pierwsza o godz. 15.30, grupa II o godz. 16.00 i grupa III o godz. 16.30. Pobieranie miary odb\u0119dzie si\u0119  w salce pod zakrysti\u0105. <\/p>\n<p>REKOLEKCJE ADWENTOWE<br \/>\n16-18 GRUDNIA 2021<\/p>\n<p>16 GRUDNIA 2021 (CZWARTEK)<br \/>\n09.00 \u2013 MSZA \u015aWI\u0118TA Z NAUK\u0104 OG\u00d3LN\u0104<br \/>\n16.30 \u2013 MSZA \u015aWI\u0118TA Z NAUK\u0104 DLA DZIECI (dzieci komunijne otrzymuj\u0105 r\u00f3\u017ca\u0144ce)<br \/>\n18.00 \u2013 MSZA \u015aWI\u0118TA Z NAUK\u0104 OG\u00d3LN\u0104<br \/>\n19.45 \u2013 MSZA \u015aWI\u0118TA Z NAUK\u0104 DLA M\u0141ODZIE\u017bY<br \/>\n________________________________________<br \/>\n17 GRUDNIA 2021 (PI\u0104TEK)<br \/>\n09.00 \u2013 MSZA \u015aWI\u0118TA Z NAUK\u0104 OG\u00d3LN\u0104<br \/>\n16.30 \u2013 MSZA \u015aWI\u0118TA Z NAUK\u0104 DLA DZIECI (dzieci komunijne otrzymuj\u0105 \u0142a\u0144cuszki z medalikami i krzy\u017cykami)<br \/>\n18.00 \u2013 MSZA \u015aWI\u0118TA Z NAUK\u0104 OG\u00d3LN\u0104<br \/>\n19.45 \u2013 MSZA \u015aWI\u0118TA DLA M\u0141ODZIE\u017bY<br \/>\n________________________________________<br \/>\n18 GRUDNIA 2021 (SOBOTA)<br \/>\n9.00 \u2013 MSZA \u015aWI\u0118TA Z NAUK\u0104 OG\u00d3LN\u0104<br \/>\n16.30 \u2013 MSZA \u015aWI\u0118TA Z NAUK\u0104 DLA DZIECI (DZIECI KOMUNIJNE I ROCZNICOWE OTRZYMUJ\u0104 PAMI\u0104TKOWE ALBUMIKI)<br \/>\n18.00 \u2013 MSZA \u015aWI\u0118TA Z NAUK\u0104 OG\u00d3LN\u0104<br \/>\n19.45 \u2013 MSZA \u015aWI\u0118TA DLA M\u0141ODZIE\u017bY<\/p>\n<p>DO SAKRAMENTU POKUTY MO\u017bNA PRZYST\u0104PI\u0106 15 MINUT PRZED KA\u017bD\u0104 MSZ\u0104 \u015aWI\u0118T\u0104.<br \/>\nW GODZINACH 11.00-13.00 ODWIEDZINY CHORYCH Z POS\u0141UG\u0104 SAKRAMENTALN\u0104.<br \/>\nADRESY PROSIMY ZG\u0141ASZA\u0106 DO PI\u0104TKU W ZAKRYSTII.<\/p>\n","protected":false},"excerpt":{"rendered":"<p>1. Wkraczamy coraz mocniej w czas naszego bezpo\u015bredniego przygotowania do \u015bwi\u0105t Bo\u017cego narodzenia. W tym czasie zapraszamy na rekolekcje adwentowe, kt\u00f3re odb\u0119d\u0105 si\u0119 w dniach 16-18 grudnia (czwartek, pi\u0105tek, sobota). Msze \u015bwi\u0119te z naukami o godz. 9.00, 16.30 dla dzieci, 18.00 i 19.45. W sobot\u0119 w godz. 11.00-13.00 pragniemy odwiedzi\u0107 chorych z pos\u0142ug\u0105 sakramentaln\u0105. Adresy [&hellip;]<\/p>\n","protected":false},"author":1,"featured_media":30657,"comment_status":"closed","ping_status":"closed","sticky":false,"template":"","format":"standard","meta":{"footnotes":""},"categories":[2,14],"tags":[],"class_list":["post-16308","post","type-post","status-publish","format-standard","has-post-thumbnail","hentry","category-aktualnosci","category-ogloszenia-parafialne"],"_links":{"self":[{"href":"https:\/\/mbfatimska.ovh\/index.php\/wp-json\/wp\/v2\/posts\/16308","targetHints":{"allow":["GET"]}}],"collection":[{"href":"https:\/\/mbfatimska.ovh\/index.php\/wp-json\/wp\/v2\/posts"}],"about":[{"href":"https:\/\/mbfatimska.ovh\/index.php\/wp-json\/wp\/v2\/types\/post"}],"author":[{"embeddable":true,"href":"https:\/\/mbfatimska.ovh\/index.php\/wp-json\/wp\/v2\/users\/1"}],"replies":[{"embeddable":true,"href":"https:\/\/mbfatimska.ovh\/index.php\/wp-json\/wp\/v2\/comments?post=16308"}],"version-history":[{"count":0,"href":"https:\/\/mbfatimska.ovh\/index.php\/wp-json\/wp\/v2\/posts\/16308\/revisions"}],"wp:featuredmedia":[{"embeddable":true,"href":"https:\/\/mbfatimska.ovh\/index.php\/wp-json\/wp\/v2\/media\/30657"}],"wp:attachment":[{"href":"https:\/\/mbfatimska.ovh\/index.php\/wp-json\/wp\/v2\/media?parent=16308"}],"wp:term":[{"taxonomy":"category","embeddable":true,"href":"https:\/\/mbfatimska.ovh\/index.php\/wp-json\/wp\/v2\/categories?post=16308"},{"taxonomy":"post_tag","embeddable":true,"href":"https:\/\/mbfatimska.ovh\/index.php\/wp-json\/wp\/v2\/tags?post=16308"}],"curies":[{"name":"wp","href":"https:\/\/api.w.org\/{rel}","templated":true}]}}