{"id":16325,"date":"2022-01-02T12:45:06","date_gmt":"2022-01-02T11:45:06","guid":{"rendered":"https:\/\/www.mbfatimska.pl\/?p=16325"},"modified":"2022-01-02T12:45:06","modified_gmt":"2022-01-02T11:45:06","slug":"koleda-2021-2022","status":"publish","type":"post","link":"https:\/\/mbfatimska.ovh\/index.php\/2022\/01\/02\/koleda-2021-2022\/","title":{"rendered":"KOL\u0118DA 2021\/2022"},"content":{"rendered":"<p>Moi Drodzy w tym roku wizyta duszpasterska \u2013 Kol\u0119da, ze wzgl\u0119du na pandemi\u0119, gdzie s\u0142yszymy, \u017ce wirus mutuje powstaj\u0105 nowe odmiany covidowe, odb\u0119dzie si\u0119 jak w zesz\u0142ym roku. B\u0119dziemy chcieli si\u0119 spotka\u0107 na wsp\u00f3lnej modlitwie w ko\u015bciele i prosi\u0107 w czasie Mszy \u015bwi\u0119tej o Bo\u017ce b\u0142ogos\u0142awie\u0144stwo dla poszczeg\u00f3lnych mieszka\u0144c\u00f3w. Musimy dba\u0107 nawzajem o siebie. Ilu naszych bliskich, znajomych dzisiaj nie ma po\u015br\u00f3d nas bo zabra\u0142 nam ich covid. Zapraszamy Was, parafianie i go\u015bcie na wsp\u00f3ln\u0105 eucharysti\u0119 do naszej \u015bwi\u0105tyni, kt\u00f3ra b\u0119dzie odprawiona w Waszej intencji o b\u0142ogos\u0142awie\u0144stwo Bo\u017ce i w intencji zmar\u0142ych z Waszych rodzin. Na koniec Mszy \u015bwi\u0119tej ka\u017cdy otrzyma specjalne b\u0142ogos\u0142awie\u0144stwo. B\u0119dziemy je mogli r\u00f3wnie\u017c w formie papierowej zabra\u0107 do domu lub mieszka\u0144 i odm\u00f3wi\u0107 wraz z ca\u0142\u0105 rodzin\u0105, wod\u0105 \u015bwi\u0119con\u0105 pokropi\u0107 dom lub mieszkanie, kred\u0105 b\u0119dziemy mogli oznaczy\u0107 drzwi oraz spali\u0107 kadzid\u0142o jako wyraz wznosz\u0105cej si\u0119 do Boga modlitwy. Zapraszamy Was bardzo serdecznie na to jak\u017ce inne ale r\u00f3wnie\u017c wa\u017cne i pi\u0119kne spotkanie. Je\u015bli kto\u015b b\u0119dzie mia\u0142 takie pragnienie, mo\u017ce z\u0142o\u017cy\u0107 ofiar\u0119 na cele Ko\u015bcio\u0142a w kopercie lub na konto bankowe parafii, tak jak to mia\u0142o miejsce przy tradycyjnej wizycie duszpasterskiej. Kto b\u0119dzie mia\u0142 \u017cyczenie zaprosi\u0107 nas do swego domu lub mieszkania to prosimy aby adresy zg\u0142asza\u0107 do Nowego Roku do zakrystii lub kancelarii.<br \/>\nRozk\u0142ad Kol\u0119dy \u2013 Wizyty Duszpasterskiej<br \/>\n03.01.2022; 18.45; ul. Wolska \u2013 nr parzyste;<br \/>\n04.01.2022; 18.45; ul. Wolska \u2013 nr nieparzyste;<br \/>\n05.01.2022; 18.45; ul. Radosna, \u0141\u0105kowa, Malinowa, Go\u015bcinna, Letnia;<br \/>\n08.01.2022; 16.00; ul. Kwiatowa, Wi\u015bniowa, Piaskowa 4, 8;<br \/>\n11.01.2022; 18.45; ul. Grudzie \u2013 nr parzyste;<br \/>\n12.01.2022; 18.45; ul. Grudzie \u2013 nr nieparzyste, Wsp\u00f3lna, Polna (Stanis\u0142aw\u00f3w II), Wymarzona;<br \/>\n13.01.2022; 18.45; ul. Partyzant\u00f3w, Piaskowa 6,10;<br \/>\n14.01.2022; 18.45; ul. Zegrzy\u0144ska &#8211; nr parzyste, Piaskowa 12, Tatrza\u0144ska<br \/>\n15.01.2022; 16.00; ul. D\u0142uga, G\u00f3rna, Gen. Roi 4, 6;<br \/>\n17.01.2022; 18.45; ul. \u0141okietka, Krakusa, Gen. Roi 8,10,12;<br \/>\n18.01.2022; 18.45; ul. Orl\u0105t Lwowskich, Obro\u0144c\u00f3w Lwowa, Jasna, Dolna, Hynka;<br \/>\n19.01.2022; 18.45; ul. Stru\u017ca\u0144ska \u2013 bez blok\u00f3w, Nowa, Podg\u00f3rska, 11 Listopada, Stwosza;<br \/>\n20.01.2022; 18.45; ul. W\u0105ska, Gen. Roi 2;<br \/>\n21.01.2022; 18.45; ul. Polna, Gen. Roi 2a, 14, 14a;<br \/>\n24.01.2022; 18.45; ul. Stru\u017ca\u0144ska \u2013 bloki, Wilcza, Gen. Roi 16;<br \/>\n25.01.2022; 18.45; ul. S\u0142oneczna, Spacerowa, Gen. Roi \u2013 domki, Gen. Roi 18, 20;<br \/>\n26.01.2022; 18.45; ul. Gen. Roi 22, 24, 26, 28, 30;<br \/>\n27.01.2022; 18.45; ul. Wrzosowa, Plantowa, Zaciszna, \u017bwirki i Wigury, Balonowa;<br \/>\n28.01.2022; 19.00; ul. Gen. Roi 32, 34, 36, 38, 40;<br \/>\n29.01.2022; 16.00; dla tych, kt\u00f3rzy nie mogli uczestniczy\u0107 we Mszy \u015bwi\u0119tej w wyznaczonym terminie oraz inne osoby z innych parafii, kt\u00f3re pragn\u0105 w\u0142\u0105czy\u0107 si\u0119 w modlitw\u0119 b\u0142ogos\u0142awie\u0144stwa.<\/p>\n","protected":false},"excerpt":{"rendered":"<p>Moi Drodzy w tym roku wizyta duszpasterska \u2013 Kol\u0119da, ze wzgl\u0119du na pandemi\u0119, gdzie s\u0142yszymy, \u017ce wirus mutuje powstaj\u0105 nowe odmiany covidowe, odb\u0119dzie si\u0119 jak w zesz\u0142ym roku. B\u0119dziemy chcieli si\u0119 spotka\u0107 na wsp\u00f3lnej modlitwie w ko\u015bciele i prosi\u0107 w czasie Mszy \u015bwi\u0119tej o Bo\u017ce b\u0142ogos\u0142awie\u0144stwo dla poszczeg\u00f3lnych mieszka\u0144c\u00f3w. Musimy dba\u0107 nawzajem o siebie. Ilu [&hellip;]<\/p>\n","protected":false},"author":1,"featured_media":30657,"comment_status":"closed","ping_status":"closed","sticky":false,"template":"","format":"standard","meta":{"footnotes":""},"categories":[2],"tags":[],"class_list":["post-16325","post","type-post","status-publish","format-standard","has-post-thumbnail","hentry","category-aktualnosci"],"_links":{"self":[{"href":"https:\/\/mbfatimska.ovh\/index.php\/wp-json\/wp\/v2\/posts\/16325","targetHints":{"allow":["GET"]}}],"collection":[{"href":"https:\/\/mbfatimska.ovh\/index.php\/wp-json\/wp\/v2\/posts"}],"about":[{"href":"https:\/\/mbfatimska.ovh\/index.php\/wp-json\/wp\/v2\/types\/post"}],"author":[{"embeddable":true,"href":"https:\/\/mbfatimska.ovh\/index.php\/wp-json\/wp\/v2\/users\/1"}],"replies":[{"embeddable":true,"href":"https:\/\/mbfatimska.ovh\/index.php\/wp-json\/wp\/v2\/comments?post=16325"}],"version-history":[{"count":0,"href":"https:\/\/mbfatimska.ovh\/index.php\/wp-json\/wp\/v2\/posts\/16325\/revisions"}],"wp:featuredmedia":[{"embeddable":true,"href":"https:\/\/mbfatimska.ovh\/index.php\/wp-json\/wp\/v2\/media\/30657"}],"wp:attachment":[{"href":"https:\/\/mbfatimska.ovh\/index.php\/wp-json\/wp\/v2\/media?parent=16325"}],"wp:term":[{"taxonomy":"category","embeddable":true,"href":"https:\/\/mbfatimska.ovh\/index.php\/wp-json\/wp\/v2\/categories?post=16325"},{"taxonomy":"post_tag","embeddable":true,"href":"https:\/\/mbfatimska.ovh\/index.php\/wp-json\/wp\/v2\/tags?post=16325"}],"curies":[{"name":"wp","href":"https:\/\/api.w.org\/{rel}","templated":true}]}}