{"id":16386,"date":"2021-12-26T08:06:50","date_gmt":"2021-12-26T07:06:50","guid":{"rendered":"https:\/\/www.mbfatimska.pl\/?p=16386"},"modified":"2021-12-26T08:06:50","modified_gmt":"2021-12-26T07:06:50","slug":"uroczystosc-swietej-rodziny","status":"publish","type":"post","link":"https:\/\/mbfatimska.ovh\/index.php\/2021\/12\/26\/uroczystosc-swietej-rodziny\/","title":{"rendered":"Uroczysto\u015b\u0107 \u015awi\u0119tej Rodziny"},"content":{"rendered":"<p>1.\tDzi\u0119kujemy tym wszystkim, kt\u00f3rzy trudzili si\u0119 przy dekoracji \u015bwi\u0105tecznej ko\u015bcio\u0142a i terenu parafialnego. Dzi\u0119kujemy za przyw\u00f3z choinek i ich ubieranie. Dzi\u0119kujemy Warsztatom Terapii Zaj\u0119ciowej \u015bw. Rity \u2013 osobom niepe\u0142nosprawnym i ich terapeutom za wykonanie tegorocznej szopki. B\u00f3g zap\u0142a\u0107.<br \/>\n2.\tDzi\u0119kujemy r\u00f3wnie\u017c wszystkim osobom zaanga\u017cowanym w roznoszenie op\u0142atk\u00f3w po naszych domach i mieszkaniach. To by\u0142 wielki trud i po\u015bwi\u0119cenie \u2013 tym bardziej jeste\u015bmy wdzi\u0119czni.<br \/>\n3.\tW najbli\u017cszych dniach b\u0119dziemy uczestniczy\u0107 w oktawie Uroczysto\u015bci Narodzenia Pa\u0144skiego:<br \/>\n&#8211; w poniedzia\u0142ek b\u0119dziemy wspomina\u0107 w liturgii \u015bw. Jana aposto\u0142a i ewangelisty<br \/>\n&#8211; we wtorek \u015bw. M\u0142odziank\u00f3w<br \/>\n4.\tW czwartek o godz. 18.00 zostanie odprawiona Msza \u015bwi\u0119ta wypominkowa za naszych bliskich zmar\u0142ych.<br \/>\n5.\tW pi\u0105tek ostatni dzie\u0144 starego roku \u2013 Sylwester. Zapraszamy na Msz\u0119 dzi\u0119kczynn\u0105 o godz. 18.00 i nabo\u017ce\u0144stwo gdzie b\u0119dziemy podsumowywa\u0107 dokonania niniejszego roku. Tego dnia ks. biskup udzieli\u0142 dyspensy od spo\u017cywania pokarm\u00f3w mi\u0119snych.<br \/>\n6.\tW sobot\u0119 Nowy Rok \u2013 uroczysto\u015b\u0107 \u015awi\u0119tej Bo\u017cej Rodzicielki Maryi. Zapraszamy na Msze \u015bwi\u0119te o godz. 09.00, 11.00, 12.30 i 18.00. Nie b\u0119dzie tego dnia Mszy \u015bwi\u0119tej o godz. 07.30.<br \/>\n7.\tSobota to r\u00f3wnie\u017c I sobota miesi\u0105ca. Po Mszy \u015bwi\u0119tej wieczornej nabo\u017ce\u0144stwo wynagradzaj\u0105ce Niepokalanemu Sercu NMP, kt\u00f3re b\u0119dzie trwa\u0107 do godz. 20.15.<br \/>\n8.\tW przysz\u0142\u0105 niedziel\u0119 po Mszy \u015bwi\u0119tej o godz. 12.30 z racji I Niedzieli miesi\u0105ca wystawienie Naj\u015bwi\u0119tszego Sakramentu i mo\u017cliwo\u015b\u0107 adoracji do godz. 17.45.<br \/>\n9.\tZa tydzie\u0144 z racji przerwy \u015bwi\u0105tecznej nie b\u0119dzie spotkania dla m\u0142odzie\u017cy przed sakramentem bierzmowania.<br \/>\n10.\tTak jak og\u0142aszali\u015bmy z racji kolejnej fali pandemii i pojawiaj\u0105cego si\u0119 nowego szczepu covid 19 kol\u0119da w tym roku b\u0119dzie przebiega\u0142a jak w zesz\u0142ym roku. Parafia podzielona zosta\u0142a na poszczeg\u00f3lne rejony, kt\u00f3re b\u0119dziemy zaprasza\u0107 na specjaln\u0105 dodatkow\u0105 Msz\u0119 \u015bwi\u0119t\u0105 o godz. 18.45 a w soboty o godz. 16.00. Kto by chcia\u0142 aby kol\u0119da odby\u0142a si\u0119 w tradycyjny spos\u00f3b prosz\u0119 o zg\u0142oszenie si\u0119 do zakrystii celem um\u00f3wienia dogodnego terminu. Dok\u0142adny rozk\u0142ad jest na stronie internetowej naszej parafii oraz jest rozdawany po ka\u017cdej Mszy \u015bwi\u0119tej wraz z og\u0142oszeniami.<br \/>\n11.\t21 stycznia zostanie oddany do u\u017cytku szpital, kt\u00f3ry b\u0119dzie fili\u0105 Wojskowego Instytutu Medycznego w Warszawie z ul. Saszer\u00f3w. W zwi\u0105zku z tym Minister Obrony Narodowej Mariusz B\u0142aszczak poprosi\u0142 przekazanie pisma, kt\u00f3re mo\u017cemy przeczyta\u0107 na stronie internetowej naszej parafii. <\/p>\n","protected":false},"excerpt":{"rendered":"<p>1. Dzi\u0119kujemy tym wszystkim, kt\u00f3rzy trudzili si\u0119 przy dekoracji \u015bwi\u0105tecznej ko\u015bcio\u0142a i terenu parafialnego. Dzi\u0119kujemy za przyw\u00f3z choinek i ich ubieranie. Dzi\u0119kujemy Warsztatom Terapii Zaj\u0119ciowej \u015bw. Rity \u2013 osobom niepe\u0142nosprawnym i ich terapeutom za wykonanie tegorocznej szopki. B\u00f3g zap\u0142a\u0107. 2. Dzi\u0119kujemy r\u00f3wnie\u017c wszystkim osobom zaanga\u017cowanym w roznoszenie op\u0142atk\u00f3w po naszych domach i mieszkaniach. To by\u0142 [&hellip;]<\/p>\n","protected":false},"author":1,"featured_media":30657,"comment_status":"closed","ping_status":"closed","sticky":false,"template":"","format":"standard","meta":{"footnotes":""},"categories":[2,14],"tags":[],"class_list":["post-16386","post","type-post","status-publish","format-standard","has-post-thumbnail","hentry","category-aktualnosci","category-ogloszenia-parafialne"],"_links":{"self":[{"href":"https:\/\/mbfatimska.ovh\/index.php\/wp-json\/wp\/v2\/posts\/16386","targetHints":{"allow":["GET"]}}],"collection":[{"href":"https:\/\/mbfatimska.ovh\/index.php\/wp-json\/wp\/v2\/posts"}],"about":[{"href":"https:\/\/mbfatimska.ovh\/index.php\/wp-json\/wp\/v2\/types\/post"}],"author":[{"embeddable":true,"href":"https:\/\/mbfatimska.ovh\/index.php\/wp-json\/wp\/v2\/users\/1"}],"replies":[{"embeddable":true,"href":"https:\/\/mbfatimska.ovh\/index.php\/wp-json\/wp\/v2\/comments?post=16386"}],"version-history":[{"count":0,"href":"https:\/\/mbfatimska.ovh\/index.php\/wp-json\/wp\/v2\/posts\/16386\/revisions"}],"wp:featuredmedia":[{"embeddable":true,"href":"https:\/\/mbfatimska.ovh\/index.php\/wp-json\/wp\/v2\/media\/30657"}],"wp:attachment":[{"href":"https:\/\/mbfatimska.ovh\/index.php\/wp-json\/wp\/v2\/media?parent=16386"}],"wp:term":[{"taxonomy":"category","embeddable":true,"href":"https:\/\/mbfatimska.ovh\/index.php\/wp-json\/wp\/v2\/categories?post=16386"},{"taxonomy":"post_tag","embeddable":true,"href":"https:\/\/mbfatimska.ovh\/index.php\/wp-json\/wp\/v2\/tags?post=16386"}],"curies":[{"name":"wp","href":"https:\/\/api.w.org\/{rel}","templated":true}]}}