{"id":16398,"date":"2022-01-02T10:55:59","date_gmt":"2022-01-02T09:55:59","guid":{"rendered":"http:\/\/www.mbfatimska.pl\/?p=16398"},"modified":"2022-01-02T10:55:59","modified_gmt":"2022-01-02T09:55:59","slug":"ii-niedziela-po-bozym-narodzeniu","status":"publish","type":"post","link":"https:\/\/mbfatimska.ovh\/index.php\/2022\/01\/02\/ii-niedziela-po-bozym-narodzeniu\/","title":{"rendered":"II Niedziela po Bo\u017cym Narodzeniu"},"content":{"rendered":"<p>II Niedziela po Bo\u017cym Narodzeniu<\/p>\n<p>1. W dniu dzisiejszym z racji I Niedzieli miesi\u0105ca po Mszy \u015bwi\u0119tej o godz. 12.30 wystawienie Naj\u015bwi\u0119tszego Sakramentu i mo\u017cliwo\u015b\u0107 adoracji do godz. 17.45.<\/p>\n<p>2. W czwartek obchodzi\u0107 b\u0119dziemy uroczysto\u015b\u0107 Objawienia Pa\u0144skiego popularnie nazywan\u0105 \u015bwi\u0119tem Trzech Kr\u00f3li. Msze \u015bwi\u0119te w tym dniu sprawowane s\u0105 wg porz\u0105dku niedzielnego. Na ka\u017cdej Mszy \u015bwi\u0119tej obrz\u0119d po\u015bwi\u0119cenia kredy i kadzid\u0142a. Ofiary sk\u0142adane za kadzid\u0142o i kred\u0119 przeznaczone s\u0105 na cele misyjne.<\/p>\n<p>3. Najbli\u017cszy czwartek to r\u00f3wnie\u017c I czwartek miesi\u0105ca. Po Mszy \u015bwi\u0119tej o godz. 18.00 wystawienie Naj\u015bwi\u0119tszego Sakramentu, wsp\u00f3lna modlitwa koronk\u0105 do Mi\u0142osierdzia Bo\u017cego i adoracja do godz. 21.00.<\/p>\n<p>4. Przed nami w tym tygodniu I pi\u0105tek miesi\u0105ca. Mo\u017cliwo\u015b\u0107 skorzystania z sakramentu pokuty od godz. 16.30 do 18.30.<\/p>\n<p>5. W pi\u0105tek o godz. 19.00 w ko\u015bciele spotkanie przedchrzcielne. Zapraszamy rodzic\u00f3w dzieci, kt\u00f3re w najbli\u017cszym czasie przyjm\u0105 sakrament chrztu \u015bwi\u0119tego oraz rodzic\u00f3w chrzestnych i kandydat\u00f3w na rodzic\u00f3w chrzestnych. Jednym z warunk\u00f3w otrzymania za\u015bwiadczenia na rodzica chrzestnego jest udzia\u0142 w konferencji przedchrzcielnej.<\/p>\n<p>6. Za tydzie\u0144, w niedziel\u0119, obchodzi\u0107 b\u0119dziemy uroczysto\u015b\u0107 Chrztu Pa\u0144skiego, kt\u00f3r\u0105 ko\u0144czy\u0107 b\u0119dziemy radosny okres Bo\u017cego Narodzenia, cho\u0107 \u017c\u0142\u00f3bek i choinki pozostaj\u0105 jeszcze do 2 lutego \u2013 do uroczysto\u015bci Ofiarowania Pa\u0144skiego czyli do \u015bwi\u0119ta Matki Bo\u017cej Gromnicznej.<\/p>\n<p>7. R\u00f3wnie\u017c za tydzie\u0144 o godz. 10.25 odb\u0119dzie si\u0119 katecheza dla dzieci klas III szko\u0142y podstawowej przed Uroczysto\u015bci\u0105 I Komunii \u015bwi\u0119tej a po Mszy \u015bwi\u0119tej o godz. 11.00 odb\u0119dzie si\u0119 podsumowanie uczestnictwa dzieci w Roratach. Na spotkanie nale\u017cy przynie\u015b\u0107 plansz\u0119 z naklejkami. Dla najlepszych b\u0119d\u0105 czeka\u0142y nagrody.<\/p>\n<p>8. W przysz\u0142\u0105 niedziel\u0119 po Mszy \u015bwi\u0119tej o godz. 19.00 do salki pod zakrysti\u0105 zapraszamy osoby zainteresowane prac\u0105 parafialnego Zespo\u0142u Synodalnego. Synod w my\u015bl Ojca \u015bwi\u0119tego Franciszka ma doprowadzi\u0107 do zmian na lepsze w Ko\u015bciele Powszechnym. Zapraszamy na spotkania zw\u0142aszcza te osoby, kt\u00f3rym dobro ko\u015bcio\u0142a le\u017cy mocno na sercu i pragn\u0105 podzieli\u0107 si\u0119 swoimi pomys\u0142ami na przeprowadzenie zmian.<\/p>\n<p>9. Za dwa tygodnie, w niedziel\u0119 16 stycznia, na Mszy \u015bwi\u0119tej o godz. 18.00 go\u015bci\u0107 b\u0119dziemy Reprezentacyjny Zesp\u00f3\u0142 Wojska Polskiego. Nasi go\u015bcie zapewni\u0105 opraw\u0119 Mszy \u015bwi\u0119tej a nast\u0119pnie po Mszy \u015bwi\u0119tej dadz\u0105 koncert kol\u0119d. Ju\u017c dzisiaj serdecznie wszystkich zapraszamy.<\/p>\n<p>10. Jak ju\u017c wcze\u015bniej zapowiadali\u015bmy, w tym roku Kol\u0119da b\u0119dzie przebiega\u0142a jak w zesz\u0142ym roku ze wzgl\u0119du na covid-19. B\u0119dziemy spotyka\u0107 si\u0119 w ko\u015bciele podczas wsp\u00f3lnej Eucharystii sprawowanej od poniedzia\u0142ku do pi\u0105tku o godz. 18.45 a w soboty o godz. 16.00, w intencji poszczeg\u00f3lnych rejon\u00f3w. Rozpoczniemy ju\u017c w najbli\u017cszy poniedzia\u0142ek. Ofiary sk\u0142adane podczas tegorocznej Kol\u0119dy przeznaczone b\u0119d\u0105 na dalsze prace inwestycyjne w parafii. My\u015bl\u0105c o dobru zdrowia fizycznego pragniemy stworzy\u0107 i uruchomi\u0107 gabinety rehabilitacyjne z masa\u017cem zar\u00f3wno dla senior\u00f3w, os\u00f3b niepe\u0142nosprawnych, jak i ka\u017cdego z nas.<\/p>\n<p>11. W styczniu ze wzgl\u0119du na Msze \u015bwi\u0119te kol\u0119dowe, Msze \u015bwi\u0119te od poniedzia\u0142ku do pi\u0105tku b\u0119d\u0105 odprawiane o godz. 18.00 i dodatkowa o godz. 18.45. W sobot\u0119 o godz. 17.00 i 18.00 oraz dodatkowa o godz. 16.00. W niedziele i \u015bwi\u0119ta bez zmian. W najbli\u017cszy pi\u0105tek, z racji I pi\u0105tku miesi\u0105ca Msze \u015bwi\u0119te o godz. 17.00 i 18.00.<\/p>\n<p>12. Prosimy o zapoznanie si\u0119 z rozk\u0142adem Mszy \u015bwi\u0119tych kol\u0119dowych na najbli\u017cszy tydzie\u0144 oraz ca\u0142y okres kol\u0119dowy. Terminarz Kol\u0119dy wywieszony jest w gablocie parafialnej, na stronie internetowej i wy\u0142o\u017cony jest na stolikach za \u0142awkami, kt\u00f3ry mo\u017cemy pobra\u0107 do domu. W tym tygodniu zapraszamy mieszka\u0144c\u00f3w zamieszka\u0142ych przy nast\u0119puj\u0105cych ulicach:<\/p>\n<p>Rejon I<\/p>\n<p>03.01.2022; 18.45; ul. Wolska \u2013 nr parzyste;<br \/>\n04.01.2022; 18.45; ul. Wolska \u2013 nr nieparzyste;<br \/>\n05.01.2022; 18.45; ul. Radosna, \u0141\u0105kowa, Malinowa, Go\u015bcinna, Letnia;<br \/>\n08.01.2022; 16.00; ul. Kwiatowa, Wi\u015bniowa, Piaskowa 4, 8;<\/p>\n","protected":false},"excerpt":{"rendered":"<p>II Niedziela po Bo\u017cym Narodzeniu 1. W dniu dzisiejszym z racji I Niedzieli miesi\u0105ca po Mszy \u015bwi\u0119tej o godz. 12.30 wystawienie Naj\u015bwi\u0119tszego Sakramentu i mo\u017cliwo\u015b\u0107 adoracji do godz. 17.45. 2. W czwartek obchodzi\u0107 b\u0119dziemy uroczysto\u015b\u0107 Objawienia Pa\u0144skiego popularnie nazywan\u0105 \u015bwi\u0119tem Trzech Kr\u00f3li. Msze \u015bwi\u0119te w tym dniu sprawowane s\u0105 wg porz\u0105dku niedzielnego. Na ka\u017cdej Mszy [&hellip;]<\/p>\n","protected":false},"author":1,"featured_media":13788,"comment_status":"closed","ping_status":"closed","sticky":false,"template":"","format":"standard","meta":{"footnotes":""},"categories":[2,14],"tags":[],"class_list":["post-16398","post","type-post","status-publish","format-standard","has-post-thumbnail","hentry","category-aktualnosci","category-ogloszenia-parafialne"],"_links":{"self":[{"href":"https:\/\/mbfatimska.ovh\/index.php\/wp-json\/wp\/v2\/posts\/16398","targetHints":{"allow":["GET"]}}],"collection":[{"href":"https:\/\/mbfatimska.ovh\/index.php\/wp-json\/wp\/v2\/posts"}],"about":[{"href":"https:\/\/mbfatimska.ovh\/index.php\/wp-json\/wp\/v2\/types\/post"}],"author":[{"embeddable":true,"href":"https:\/\/mbfatimska.ovh\/index.php\/wp-json\/wp\/v2\/users\/1"}],"replies":[{"embeddable":true,"href":"https:\/\/mbfatimska.ovh\/index.php\/wp-json\/wp\/v2\/comments?post=16398"}],"version-history":[{"count":0,"href":"https:\/\/mbfatimska.ovh\/index.php\/wp-json\/wp\/v2\/posts\/16398\/revisions"}],"wp:featuredmedia":[{"embeddable":true,"href":"https:\/\/mbfatimska.ovh\/index.php\/wp-json\/wp\/v2\/media\/13788"}],"wp:attachment":[{"href":"https:\/\/mbfatimska.ovh\/index.php\/wp-json\/wp\/v2\/media?parent=16398"}],"wp:term":[{"taxonomy":"category","embeddable":true,"href":"https:\/\/mbfatimska.ovh\/index.php\/wp-json\/wp\/v2\/categories?post=16398"},{"taxonomy":"post_tag","embeddable":true,"href":"https:\/\/mbfatimska.ovh\/index.php\/wp-json\/wp\/v2\/tags?post=16398"}],"curies":[{"name":"wp","href":"https:\/\/api.w.org\/{rel}","templated":true}]}}