{"id":16400,"date":"2022-01-02T12:02:05","date_gmt":"2022-01-02T11:02:05","guid":{"rendered":"http:\/\/www.mbfatimska.pl\/?p=16400"},"modified":"2022-01-02T12:02:05","modified_gmt":"2022-01-02T11:02:05","slug":"zapraszamy-do-udzialu-w-spotkaniu-synodalnym","status":"publish","type":"post","link":"https:\/\/mbfatimska.ovh\/index.php\/2022\/01\/02\/zapraszamy-do-udzialu-w-spotkaniu-synodalnym\/","title":{"rendered":"Zapraszamy do udzia\u0142u w Spotkaniu Synodalnym"},"content":{"rendered":"<p>W przysz\u0142\u0105 niedziel\u0119 po Mszy \u015bwi\u0119tej o godz. 19.00 do salki pod zakrysti\u0105 zapraszamy osoby zainteresowane prac\u0105 parafialnego Zespo\u0142u Synodalnego. Synod w my\u015bl Ojca \u015bwi\u0119tego Franciszka ma doprowadzi\u0107 do zmian na lepsze w Ko\u015bciele Powszechnym. Zapraszamy na spotkania zw\u0142aszcza te osoby, kt\u00f3rym dobro ko\u015bcio\u0142a le\u017cy mocno na sercu i pragn\u0105 podzieli\u0107 si\u0119 swoimi pomys\u0142ami na przeprowadzenie zmian.<\/p>\n<p><img fetchpriority=\"high\" decoding=\"async\" class=\"alignnone size-full wp-image-16408\" src=\"http:\/\/www.mbfatimska.pl\/wp-content\/uploads\/2022\/01\/Synod_plakat_2.jpg\" alt=\"\" width=\"1800\" height=\"1277\" \/><\/p>\n","protected":false},"excerpt":{"rendered":"<p>W przysz\u0142\u0105 niedziel\u0119 po Mszy \u015bwi\u0119tej o godz. 19.00 do salki pod zakrysti\u0105 zapraszamy osoby zainteresowane prac\u0105 parafialnego Zespo\u0142u Synodalnego. Synod w my\u015bl Ojca \u015bwi\u0119tego Franciszka ma doprowadzi\u0107 do zmian na lepsze w Ko\u015bciele Powszechnym. Zapraszamy na spotkania zw\u0142aszcza te osoby, kt\u00f3rym dobro ko\u015bcio\u0142a le\u017cy mocno na sercu i pragn\u0105 podzieli\u0107 si\u0119 swoimi pomys\u0142ami na [&hellip;]<\/p>\n","protected":false},"author":1,"featured_media":16401,"comment_status":"closed","ping_status":"closed","sticky":false,"template":"","format":"standard","meta":{"footnotes":""},"categories":[2],"tags":[],"class_list":["post-16400","post","type-post","status-publish","format-standard","has-post-thumbnail","hentry","category-aktualnosci"],"_links":{"self":[{"href":"https:\/\/mbfatimska.ovh\/index.php\/wp-json\/wp\/v2\/posts\/16400","targetHints":{"allow":["GET"]}}],"collection":[{"href":"https:\/\/mbfatimska.ovh\/index.php\/wp-json\/wp\/v2\/posts"}],"about":[{"href":"https:\/\/mbfatimska.ovh\/index.php\/wp-json\/wp\/v2\/types\/post"}],"author":[{"embeddable":true,"href":"https:\/\/mbfatimska.ovh\/index.php\/wp-json\/wp\/v2\/users\/1"}],"replies":[{"embeddable":true,"href":"https:\/\/mbfatimska.ovh\/index.php\/wp-json\/wp\/v2\/comments?post=16400"}],"version-history":[{"count":0,"href":"https:\/\/mbfatimska.ovh\/index.php\/wp-json\/wp\/v2\/posts\/16400\/revisions"}],"wp:featuredmedia":[{"embeddable":true,"href":"https:\/\/mbfatimska.ovh\/index.php\/wp-json\/wp\/v2\/media\/16401"}],"wp:attachment":[{"href":"https:\/\/mbfatimska.ovh\/index.php\/wp-json\/wp\/v2\/media?parent=16400"}],"wp:term":[{"taxonomy":"category","embeddable":true,"href":"https:\/\/mbfatimska.ovh\/index.php\/wp-json\/wp\/v2\/categories?post=16400"},{"taxonomy":"post_tag","embeddable":true,"href":"https:\/\/mbfatimska.ovh\/index.php\/wp-json\/wp\/v2\/tags?post=16400"}],"curies":[{"name":"wp","href":"https:\/\/api.w.org\/{rel}","templated":true}]}}