{"id":16415,"date":"2022-01-08T19:41:40","date_gmt":"2022-01-08T18:41:40","guid":{"rendered":"https:\/\/www.mbfatimska.pl\/?p=16415"},"modified":"2022-01-08T19:41:40","modified_gmt":"2022-01-08T18:41:40","slug":"niedziela-chrztu-panskiego-2","status":"publish","type":"post","link":"https:\/\/mbfatimska.ovh\/index.php\/2022\/01\/08\/niedziela-chrztu-panskiego-2\/","title":{"rendered":"Niedziela Chrztu Pa\u0144skiego"},"content":{"rendered":"<p>1.\tDzisiejsz\u0105 niedziel\u0105 ko\u0144czymy okres Bo\u017cego Narodzenia. Tradycyjnie choinki i \u015bpiew kol\u0119d cho\u0107 w ograniczonym wymiarze, towarzyszy\u0107 nam b\u0119d\u0105 do 2 lutego, do uroczysto\u015bci Ofiarowania Pa\u0144skiego.<br \/>\n2.\tJeszcze dzisiaj o godz. 10.25 katecheza dla dzieci klas III szko\u0142y podstawowej przed uroczysto\u015bci\u0105 I Komunii \u015bwi\u0119tej a po Mszy \u015bw. o godz. 11.00 podsumowanie uczestnictwa w Mszach \u015bwi\u0119tych roratnich dla dzieci. Dla najbardziej wytrwa\u0142ych i gorliwych przewidziane s\u0105 nagrody.<br \/>\n3.\tW poniedzia\u0142ek o godz. 19.00 w ko\u015bciele spotkanie formacyjno-informacyjne dla rodzic\u00f3w dzieci komunijnych w zwi\u0105zku z uroczysto\u015bci\u0105 I Komunii \u015bwi\u0119tej.<br \/>\n4.\tWe wtorek, 11 stycznia, w budynku Centrum Pomocy Rodzinie nieodp\u0142atnie b\u0119dzie udziela\u0142 porad prawnik w godz. 17.00-19.00.<br \/>\n5.\t12 stycznia, w \u015brod\u0119 przypadaj\u0105 imieniny ks. Arkadiusza, kt\u00f3ry od prawie 10 lat wspiera nas w pracy duszpasterskiej. Otoczmy go w tym dniu modlitw\u0105 a nasz\u0105 wdzi\u0119czno\u015b\u0107 z dobrym i ciep\u0142ym s\u0142owem wyrazimy w przysz\u0142\u0105 niedziel\u0119 podczas Mszy \u015bwi\u0119tych.<br \/>\n6.\tW czwartek, 13 stycznia o godz. 7.30 zostanie odprawiona Msza \u015bwi\u0119ta w intencji firm, w\u0142a\u015bcicieli, pracownik\u00f3w i ich rodzin z naszego legionowskiego terenu, oddaj\u0105ca ich w opiek\u0119 Matki Bo\u017cej Fatimskiej.<br \/>\n7.\tW przysz\u0142\u0105 niedziel\u0119 w naszej parafii wyst\u0105pi Reprezentacyjny Zesp\u00f3\u0142 Wojska Polskiego. O godz. 18.00 zapewni opraw\u0119 Mszy \u015bwi\u0119tej a o godz. 19.00 wyst\u0105pi z koncertem kol\u0119d i pastora\u0142ek. Serdecznie zapraszamy.<br \/>\n8.\tW zwi\u0105zku z tym, \u017ce w niedziel\u0119 go\u015bci\u0107 b\u0119dziemy Reprezentacyjny Zesp\u00f3\u0142 Wojska Polskiego, a pierwsza niedziela miesi\u0105ca wypad\u0142a w ferie \u015bwi\u0105teczne, spotkanie dla m\u0142odzie\u017cy przed sakramentem bierzmowania odb\u0119dzie si\u0119 w najbli\u017csz\u0105 sobot\u0119 o godz. 10.30 w ko\u015bciele. Na spotkanie nale\u017cy przynie\u015b\u0107 indeksy.<br \/>\n9.\tJeszcze dzisiaj na godz. 19.00 do salki pod zakrysti\u0105 zapraszamy osoby, kt\u00f3re pragn\u0105 w\u0142\u0105czy\u0107 si\u0119 w dzie\u0142o synodalne, kt\u00f3re ma zmierza\u0107 do odnowy Ko\u015bcio\u0142a Powszechnego. Zapraszamy tych, kt\u00f3rym dobro Ko\u015bcio\u0142a le\u017cy mocno na sercu.<br \/>\n10.\tW tym tygodniu zapraszamy mieszka\u0144c\u00f3w poszczeg\u00f3lnych ulic na Msze \u015bwi\u0119te kol\u0119dowe:<br \/>\n&#8211; w poniedzia\u0142ek Mszy \u015bwi\u0119tej kol\u0119dowej nie b\u0119dzie ze wzgl\u0119du na konferencj\u0119 dla rodzic\u00f3w przed I Komuni\u0105 \u015bwi\u0119t\u0105;<br \/>\n&#8211; we wtorek 11.01.2022; godz. 18.45; ul. Grudzie \u2013 nr parzyste;<br \/>\n&#8211; w \u015brod\u0119 12.01.2022; godz. 18.45; ul. Grudzie \u2013 nr nieparzyste, Wsp\u00f3lna, Polna (Stanis\u0142aw\u00f3w II), Wymarzona;<br \/>\n&#8211; w czwartek 13.01.2022; godz. 18.45; ul. Partyzant\u00f3w, Piaskowa 6,10;<br \/>\n&#8211; w pi\u0105tek 14.01.2022; godz. 18.45; ul. Zegrzy\u0144ska &#8211; nr parzyste, Piaskowa 12, Tatrza\u0144ska;<br \/>\n&#8211; w sobot\u0119 15.01.2022; godz. 16.00; ul. D\u0142uga, G\u00f3rna, Gen. Roi 4, 6.<\/p>\n","protected":false},"excerpt":{"rendered":"<p>1. Dzisiejsz\u0105 niedziel\u0105 ko\u0144czymy okres Bo\u017cego Narodzenia. Tradycyjnie choinki i \u015bpiew kol\u0119d cho\u0107 w ograniczonym wymiarze, towarzyszy\u0107 nam b\u0119d\u0105 do 2 lutego, do uroczysto\u015bci Ofiarowania Pa\u0144skiego. 2. Jeszcze dzisiaj o godz. 10.25 katecheza dla dzieci klas III szko\u0142y podstawowej przed uroczysto\u015bci\u0105 I Komunii \u015bwi\u0119tej a po Mszy \u015bw. o godz. 11.00 podsumowanie uczestnictwa w Mszach [&hellip;]<\/p>\n","protected":false},"author":1,"featured_media":30657,"comment_status":"closed","ping_status":"closed","sticky":false,"template":"","format":"standard","meta":{"footnotes":""},"categories":[2,14],"tags":[],"class_list":["post-16415","post","type-post","status-publish","format-standard","has-post-thumbnail","hentry","category-aktualnosci","category-ogloszenia-parafialne"],"_links":{"self":[{"href":"https:\/\/mbfatimska.ovh\/index.php\/wp-json\/wp\/v2\/posts\/16415","targetHints":{"allow":["GET"]}}],"collection":[{"href":"https:\/\/mbfatimska.ovh\/index.php\/wp-json\/wp\/v2\/posts"}],"about":[{"href":"https:\/\/mbfatimska.ovh\/index.php\/wp-json\/wp\/v2\/types\/post"}],"author":[{"embeddable":true,"href":"https:\/\/mbfatimska.ovh\/index.php\/wp-json\/wp\/v2\/users\/1"}],"replies":[{"embeddable":true,"href":"https:\/\/mbfatimska.ovh\/index.php\/wp-json\/wp\/v2\/comments?post=16415"}],"version-history":[{"count":0,"href":"https:\/\/mbfatimska.ovh\/index.php\/wp-json\/wp\/v2\/posts\/16415\/revisions"}],"wp:featuredmedia":[{"embeddable":true,"href":"https:\/\/mbfatimska.ovh\/index.php\/wp-json\/wp\/v2\/media\/30657"}],"wp:attachment":[{"href":"https:\/\/mbfatimska.ovh\/index.php\/wp-json\/wp\/v2\/media?parent=16415"}],"wp:term":[{"taxonomy":"category","embeddable":true,"href":"https:\/\/mbfatimska.ovh\/index.php\/wp-json\/wp\/v2\/categories?post=16415"},{"taxonomy":"post_tag","embeddable":true,"href":"https:\/\/mbfatimska.ovh\/index.php\/wp-json\/wp\/v2\/tags?post=16415"}],"curies":[{"name":"wp","href":"https:\/\/api.w.org\/{rel}","templated":true}]}}