{"id":16582,"date":"2022-01-17T19:09:53","date_gmt":"2022-01-17T18:09:53","guid":{"rendered":"http:\/\/www.mbfatimska.pl\/?p=16582"},"modified":"2022-01-17T19:09:53","modified_gmt":"2022-01-17T18:09:53","slug":"koncert-koled-w-wykonaniu-reprezentacyjnego-zespolu-artystycznego-wojska-polskiego-2","status":"publish","type":"post","link":"https:\/\/mbfatimska.ovh\/index.php\/2022\/01\/17\/koncert-koled-w-wykonaniu-reprezentacyjnego-zespolu-artystycznego-wojska-polskiego-2\/","title":{"rendered":"Koncert kol\u0119d w wykonaniu Reprezentacyjnego Zespo\u0142u Artystycznego Wojska Polskiego"},"content":{"rendered":"<p>W niedziel\u0119 16 stycznia w naszej \u015bwi\u0105tyni go\u015bcili\u015bmy Reprezentacyjny Zesp\u00f3\u0142 Artystyczny Wojska Polskiego. Nasi wspaniali Go\u015bcie zapewnili opraw\u0119 muzyczn\u0105 nabo\u017ce\u0144stwa o godzinie 18:00. Po Mszy \u015awi\u0119tej rozpocz\u0105\u0142 si\u0119 koncert. W zasadzie powinni\u015bmy w tym miejscu napisa\u0107 KONCERT! To wydarzenie na d\u0142ugo pozostanie w naszej pami\u0119ci! To by\u0142o tak niezwyk\u0142e prze\u017cycie, tak wspania\u0142e i podnios\u0142e, tak cudowne, \u017ce przez ponad 60 minut zapomnieli\u015bmy o wszystkim. Zapomnieli\u015bmy o troskach i zmartwieniach, zapomnieli\u015bmy o zmaganiach ka\u017cdego dnia, zapomnieli\u015bmy, \u017ce \u017cycie bywa trudne! Szanowni Pa\u0144stwo! Reprezentacyjny Zesp\u00f3\u0142 Artystyczny Wojska Polskiego sprawi\u0142, \u017ce przez ponad godzin\u0119 znale\u017ali\u015bmy si\u0119 w innym \u015bwiecie! \u015awiecie, w kt\u00f3rym istnieje tylko muzyka, marzenia i \u015bpiew. To by\u0142o cudowne! To by\u0142o wspania\u0142e! To by\u0142o niezwyk\u0142e! My chcemy wi\u0119cej! M\u00f3wi\u0105c szczerze trudne albo niemo\u017cliwe wr\u0119cz jest opisanie tego, co dane nam by\u0142o prze\u017cy\u0107. Wobec takiego ogromu wzrusze\u0144 trudno jest wyrazi\u0107 wdzi\u0119czno\u015b\u0107 Wspania\u0142ym Artystom. Oklaski? Oklaski by\u0142y d\u0142ugie, rz\u0119siste i g\u0142o\u015bne a tu, na tej stronie mo\u017cemy jeszcze tylko tak zwyczajnie, po ludzku podzi\u0119kowa\u0107. Dzi\u0119kujemy wi\u0119c Panu Dyrygentowi, Solistom, Muzykom oraz Ch\u00f3rowi, dzi\u0119kujemy Wam Wspaniali Arty\u015bci Reprezentacyjnego Zespo\u0142u Artystycznego Wojska Polskiego za pi\u0119kno, za rado\u015b\u0107, za ogromn\u0105 porcj\u0119 wzrusze\u0144! Nieocenionej pomocy w organizacji koncertu udzieli\u0142 nam Naczelnik Wydzia\u0142u Kultury i Organizacji S\u0142u\u017cby Wychowawczej p\u0142k. Mateusz \u0141ysek, za co serdecznie dzi\u0119kujemy! Dzi\u0119kujemy Dyrektorowi Zespo\u0142u Panu kmdr ppor. Jaros\u0142awowi Rywalskiemu za pomoc w zorganizowaniu oraz prowadzenie koncertu a tak\u017ce za s\u0142owa przybli\u017caj\u0105ce histori\u0119 polskich kol\u0119d i pastora\u0142ek. Dzi\u0119kujemy tak\u017ce obs\u0142udze technicznej odpowiedzialnej za rozstawienie i w\u0142a\u015bciwe zainstalowanie wielu ton sprz\u0119tu s\u0142u\u017c\u0105cego do nag\u0142o\u015bnienia oraz o\u015bwietlenia sceny, w kt\u00f3r\u0105 zamieni\u0142 si\u0119 nasz ko\u015bci\u00f3\u0142. Obs\u0142uga techniczna to te\u017c arty\u015bci, co prawda nie graj\u0105 i nie \u015bpiewaj\u0105 ale zapewnienie w\u0142a\u015bciwego nag\u0142o\u015bnienia w ko\u015bciele jest rzecz\u0105 niezwykle trudn\u0105 je\u015bli nie niewykonaln\u0105 i mi\u0119dzy innymi dzi\u0119ki ich ci\u0119\u017ckiej pracy Reprezentacyjny Zesp\u00f3\u0142 Artystyczny Wojska Polskiego m\u00f3g\u0142 wykaza\u0107 si\u0119 pe\u0142ni\u0105 swoich mo\u017cliwo\u015bci a my mieli\u015bmy zapewnion\u0105 pe\u0142ni\u0119 dozna\u0144.<br \/>\nPodzi\u0119kowania te piszemy w imieniu proboszcza parafii Matki Bo\u017cej Fatimskiej ksi\u0119dza pra\u0142ata Tomasza Chcia\u0142owskiego oraz nas, wdzi\u0119cznych parafian, go\u015bci i wszystkich, kt\u00f3rzy mieli szcz\u0119\u015bcie wzi\u0105\u0107 udzia\u0142 w koncercie!<\/p>\n<p><a href=\"http:\/\/www.mbfatimska.pl\/koncert-koled-w-wykonaniu-reprezentacyjnego-zespolu-artystycznego-wojska-polskiego\/\" target=\"_blank\" rel=\"noopener\">Obszerna galeria zdj\u0119\u0107<\/a><\/p>\n","protected":false},"excerpt":{"rendered":"<p>W niedziel\u0119 16 stycznia w naszej \u015bwi\u0105tyni go\u015bcili\u015bmy Reprezentacyjny Zesp\u00f3\u0142 Artystyczny Wojska Polskiego. Nasi wspaniali Go\u015bcie zapewnili opraw\u0119 muzyczn\u0105 nabo\u017ce\u0144stwa o godzinie 18:00. Po Mszy \u015awi\u0119tej rozpocz\u0105\u0142 si\u0119 koncert. W zasadzie powinni\u015bmy w tym miejscu napisa\u0107 KONCERT! To wydarzenie na d\u0142ugo pozostanie w naszej pami\u0119ci! To by\u0142o tak niezwyk\u0142e prze\u017cycie, tak wspania\u0142e i podnios\u0142e, tak [&hellip;]<\/p>\n","protected":false},"author":1,"featured_media":16495,"comment_status":"closed","ping_status":"closed","sticky":false,"template":"","format":"standard","meta":{"footnotes":""},"categories":[2],"tags":[],"class_list":["post-16582","post","type-post","status-publish","format-standard","has-post-thumbnail","hentry","category-aktualnosci"],"_links":{"self":[{"href":"https:\/\/mbfatimska.ovh\/index.php\/wp-json\/wp\/v2\/posts\/16582","targetHints":{"allow":["GET"]}}],"collection":[{"href":"https:\/\/mbfatimska.ovh\/index.php\/wp-json\/wp\/v2\/posts"}],"about":[{"href":"https:\/\/mbfatimska.ovh\/index.php\/wp-json\/wp\/v2\/types\/post"}],"author":[{"embeddable":true,"href":"https:\/\/mbfatimska.ovh\/index.php\/wp-json\/wp\/v2\/users\/1"}],"replies":[{"embeddable":true,"href":"https:\/\/mbfatimska.ovh\/index.php\/wp-json\/wp\/v2\/comments?post=16582"}],"version-history":[{"count":0,"href":"https:\/\/mbfatimska.ovh\/index.php\/wp-json\/wp\/v2\/posts\/16582\/revisions"}],"wp:featuredmedia":[{"embeddable":true,"href":"https:\/\/mbfatimska.ovh\/index.php\/wp-json\/wp\/v2\/media\/16495"}],"wp:attachment":[{"href":"https:\/\/mbfatimska.ovh\/index.php\/wp-json\/wp\/v2\/media?parent=16582"}],"wp:term":[{"taxonomy":"category","embeddable":true,"href":"https:\/\/mbfatimska.ovh\/index.php\/wp-json\/wp\/v2\/categories?post=16582"},{"taxonomy":"post_tag","embeddable":true,"href":"https:\/\/mbfatimska.ovh\/index.php\/wp-json\/wp\/v2\/tags?post=16582"}],"curies":[{"name":"wp","href":"https:\/\/api.w.org\/{rel}","templated":true}]}}