{"id":16590,"date":"2021-01-02T13:51:47","date_gmt":"2021-01-02T12:51:47","guid":{"rendered":"https:\/\/www.mbfatimska.pl\/?p=16590"},"modified":"2021-01-02T13:51:47","modified_gmt":"2021-01-02T12:51:47","slug":"zapraszamy-do-skorzystania-z-oferty-swietlicy-srodowiskowej","status":"publish","type":"post","link":"https:\/\/mbfatimska.ovh\/index.php\/2021\/01\/02\/zapraszamy-do-skorzystania-z-oferty-swietlicy-srodowiskowej\/","title":{"rendered":"Zapraszamy do skorzystania z oferty \u015bwietlicy \u015brodowiskowej!"},"content":{"rendered":"<p>Legionowskie Stowarzyszenie Amicus serdecznie zaprasza dzieci i m\u0142odzie\u017c do skorzystania z oferty \u015bwietlicy \u015brodowiskowej dzia\u0142aj\u0105cej od stycznia do ko\u0144ca grudnia. W \u015bwietlicy uczestnicy mog\u0105 korzysta\u0107 z zaj\u0119\u0107 wyr\u00f3wnawczych , artystycznych (plastycznych, technicznych, teatralnych, filmowych) rekreacyjnych (sport, taniec, wyjazdy krajoznawcze). Zaplanowane s\u0105 r\u00f3wnie\u017c zaj\u0119cia integracyjne z rodzicami w postaci wsp\u00f3lnych warsztat\u00f3w kulinarnych. Informacje nr tel.: 22-772-82-55<br \/>\nZadanie dofinansowane przez Zarz\u0105d Wojew\u00f3dztwa Mazowieckiego.<\/p>\n<p><img fetchpriority=\"high\" decoding=\"async\" class=\"alignnone size-full wp-image-16596\" src=\"http:\/\/www.mbfatimska.pl\/wp-content\/uploads\/2022\/01\/DSC_2072.jpg\" alt=\"\" width=\"410\" height=\"230\" \/><\/p>\n<p><img decoding=\"async\" class=\"alignnone size-full wp-image-16591\" src=\"http:\/\/www.mbfatimska.pl\/wp-content\/uploads\/2022\/01\/Logo-Mazowsze.jpg\" alt=\"\" width=\"1169\" height=\"337\" \/> <img decoding=\"async\" class=\"alignnone size-full wp-image-16592\" src=\"http:\/\/www.mbfatimska.pl\/wp-content\/uploads\/2022\/01\/Logo-Mazovia.jpg\" alt=\"\" width=\"1575\" height=\"276\" \/><\/p>\n","protected":false},"excerpt":{"rendered":"<p>Legionowskie Stowarzyszenie Amicus serdecznie zaprasza dzieci i m\u0142odzie\u017c do skorzystania z oferty \u015bwietlicy \u015brodowiskowej dzia\u0142aj\u0105cej od stycznia do ko\u0144ca grudnia. W \u015bwietlicy uczestnicy mog\u0105 korzysta\u0107 z zaj\u0119\u0107 wyr\u00f3wnawczych , artystycznych (plastycznych, technicznych, teatralnych, filmowych) rekreacyjnych (sport, taniec, wyjazdy krajoznawcze). Zaplanowane s\u0105 r\u00f3wnie\u017c zaj\u0119cia integracyjne z rodzicami w postaci wsp\u00f3lnych warsztat\u00f3w kulinarnych. Informacje nr tel.: 22-772-82-55 [&hellip;]<\/p>\n","protected":false},"author":1,"featured_media":16596,"comment_status":"closed","ping_status":"closed","sticky":false,"template":"","format":"standard","meta":{"footnotes":""},"categories":[2],"tags":[],"class_list":["post-16590","post","type-post","status-publish","format-standard","has-post-thumbnail","hentry","category-aktualnosci"],"_links":{"self":[{"href":"https:\/\/mbfatimska.ovh\/index.php\/wp-json\/wp\/v2\/posts\/16590","targetHints":{"allow":["GET"]}}],"collection":[{"href":"https:\/\/mbfatimska.ovh\/index.php\/wp-json\/wp\/v2\/posts"}],"about":[{"href":"https:\/\/mbfatimska.ovh\/index.php\/wp-json\/wp\/v2\/types\/post"}],"author":[{"embeddable":true,"href":"https:\/\/mbfatimska.ovh\/index.php\/wp-json\/wp\/v2\/users\/1"}],"replies":[{"embeddable":true,"href":"https:\/\/mbfatimska.ovh\/index.php\/wp-json\/wp\/v2\/comments?post=16590"}],"version-history":[{"count":0,"href":"https:\/\/mbfatimska.ovh\/index.php\/wp-json\/wp\/v2\/posts\/16590\/revisions"}],"wp:featuredmedia":[{"embeddable":true,"href":"https:\/\/mbfatimska.ovh\/index.php\/wp-json\/wp\/v2\/media\/16596"}],"wp:attachment":[{"href":"https:\/\/mbfatimska.ovh\/index.php\/wp-json\/wp\/v2\/media?parent=16590"}],"wp:term":[{"taxonomy":"category","embeddable":true,"href":"https:\/\/mbfatimska.ovh\/index.php\/wp-json\/wp\/v2\/categories?post=16590"},{"taxonomy":"post_tag","embeddable":true,"href":"https:\/\/mbfatimska.ovh\/index.php\/wp-json\/wp\/v2\/tags?post=16590"}],"curies":[{"name":"wp","href":"https:\/\/api.w.org\/{rel}","templated":true}]}}