{"id":16598,"date":"2021-09-22T13:56:57","date_gmt":"2021-09-22T11:56:57","guid":{"rendered":"https:\/\/www.mbfatimska.pl\/?p=16598"},"modified":"2021-09-22T13:56:57","modified_gmt":"2021-09-22T11:56:57","slug":"swietlica-srodowiskowa","status":"publish","type":"post","link":"https:\/\/mbfatimska.ovh\/index.php\/2021\/09\/22\/swietlica-srodowiskowa\/","title":{"rendered":"\u015awietlica \u015brodowiskowa"},"content":{"rendered":"<p>W ramach dzia\u0142ania \u015bwietlicy prowadzonej przez Legionowskie Stowarzyszenie Amicus a dofinansowywanej przez Zarz\u0105d Wojew\u00f3dztwa Mazowieckiego podczas wakacji dzieci uczestniczy\u0142y w 3 dniowym wyje\u017adzie na suwalszczyzn\u0119 (01-03.08.2021). Uczestnicy wycieczki opr\u00f3cz wypoczynku nad pobliskim jeziorem mieli mo\u017cliwo\u015b\u0107 zwiedzenia mi\u0119dzy innymi \u015aw. Lipki i &#8222;Wilczego Sza\u0144ca&#8221; w Gier\u0142o\u017cy, z \u017beglug\u0105 Augustowsk\u0105 pop\u0142yn\u0105\u0107 statkiem &#8222;Szlakiem \u015awi\u0119ego Jana Paw\u0142a II&#8221; oraz wzi\u0105\u0107 udzia\u0142 w sp\u0142ywie kajakowym. W okresie dzia\u0142ania \u015bwietlicy dzieci i m\u0142odzie\u017c kilkakrotnie wzi\u0119li udzia\u0142 w w jednodniowych wyjazdach do kin, muze\u00f3w, park\u00f3w rozrywki itp. W ten spos\u00f3b mi\u0119dzy innymi odwiedzono Muzeum Etnograficzne, zwiedzono Warszaw\u0119 szlakiem ba\u015bni, bawiono si\u0119 w Parku Rozrywki, odwiedzono wiele innych, wa\u017cnych i atrakcyjnych dla m\u0142odego pokolenia miejsc.<\/p>\n<p><img fetchpriority=\"high\" decoding=\"async\" class=\"alignnone size-full wp-image-16591\" src=\"http:\/\/www.mbfatimska.pl\/wp-content\/uploads\/2022\/01\/Logo-Mazowsze.jpg\" alt=\"\" width=\"1169\" height=\"337\" \/><\/p>\n<p><img decoding=\"async\" class=\"alignnone size-full wp-image-16592\" src=\"http:\/\/www.mbfatimska.pl\/wp-content\/uploads\/2022\/01\/Logo-Mazovia.jpg\" alt=\"\" width=\"1575\" height=\"276\" \/><\/p>\n","protected":false},"excerpt":{"rendered":"<p>W ramach dzia\u0142ania \u015bwietlicy prowadzonej przez Legionowskie Stowarzyszenie Amicus a dofinansowywanej przez Zarz\u0105d Wojew\u00f3dztwa Mazowieckiego podczas wakacji dzieci uczestniczy\u0142y w 3 dniowym wyje\u017adzie na suwalszczyzn\u0119 (01-03.08.2021). Uczestnicy wycieczki opr\u00f3cz wypoczynku nad pobliskim jeziorem mieli mo\u017cliwo\u015b\u0107 zwiedzenia mi\u0119dzy innymi \u015aw. Lipki i &#8222;Wilczego Sza\u0144ca&#8221; w Gier\u0142o\u017cy, z \u017beglug\u0105 Augustowsk\u0105 pop\u0142yn\u0105\u0107 statkiem &#8222;Szlakiem \u015awi\u0119ego Jana Paw\u0142a II&#8221; [&hellip;]<\/p>\n","protected":false},"author":1,"featured_media":16596,"comment_status":"closed","ping_status":"closed","sticky":false,"template":"","format":"standard","meta":{"footnotes":""},"categories":[2],"tags":[],"class_list":["post-16598","post","type-post","status-publish","format-standard","has-post-thumbnail","hentry","category-aktualnosci"],"_links":{"self":[{"href":"https:\/\/mbfatimska.ovh\/index.php\/wp-json\/wp\/v2\/posts\/16598","targetHints":{"allow":["GET"]}}],"collection":[{"href":"https:\/\/mbfatimska.ovh\/index.php\/wp-json\/wp\/v2\/posts"}],"about":[{"href":"https:\/\/mbfatimska.ovh\/index.php\/wp-json\/wp\/v2\/types\/post"}],"author":[{"embeddable":true,"href":"https:\/\/mbfatimska.ovh\/index.php\/wp-json\/wp\/v2\/users\/1"}],"replies":[{"embeddable":true,"href":"https:\/\/mbfatimska.ovh\/index.php\/wp-json\/wp\/v2\/comments?post=16598"}],"version-history":[{"count":0,"href":"https:\/\/mbfatimska.ovh\/index.php\/wp-json\/wp\/v2\/posts\/16598\/revisions"}],"wp:featuredmedia":[{"embeddable":true,"href":"https:\/\/mbfatimska.ovh\/index.php\/wp-json\/wp\/v2\/media\/16596"}],"wp:attachment":[{"href":"https:\/\/mbfatimska.ovh\/index.php\/wp-json\/wp\/v2\/media?parent=16598"}],"wp:term":[{"taxonomy":"category","embeddable":true,"href":"https:\/\/mbfatimska.ovh\/index.php\/wp-json\/wp\/v2\/categories?post=16598"},{"taxonomy":"post_tag","embeddable":true,"href":"https:\/\/mbfatimska.ovh\/index.php\/wp-json\/wp\/v2\/tags?post=16598"}],"curies":[{"name":"wp","href":"https:\/\/api.w.org\/{rel}","templated":true}]}}