{"id":16618,"date":"2022-02-19T19:45:13","date_gmt":"2022-02-19T18:45:13","guid":{"rendered":"https:\/\/www.mbfatimska.pl\/?p=16618"},"modified":"2022-02-19T19:45:13","modified_gmt":"2022-02-19T18:45:13","slug":"vii-niedziela-zwykla","status":"publish","type":"post","link":"https:\/\/mbfatimska.ovh\/index.php\/2022\/02\/19\/vii-niedziela-zwykla\/","title":{"rendered":"VII Niedziela zwyk\u0142a"},"content":{"rendered":"<p>1. W dniu dzisiejszym odb\u0119d\u0105 si\u0119 nast\u0119puj\u0105ce spotkania:<br \/>\n&#8211; o godz. 10.25 \u2013 katecheza dla dzieci klas IV szko\u0142y podstawowej przed rocznic\u0105 I Komunii \u015bwi\u0119tej<br \/>\n&#8211; o godz. 16.00 w salce pod zakrysti\u0105 dla m\u0142odzie\u017cy przed sakramentem bierzmowania<br \/>\n&#8211; o godz. 19.00 r\u00f3wnie\u017c w salce pod zakrysti\u0105 dla zespo\u0142u synodalnego oraz tych wszystkich, kt\u00f3rzy chcieliby w\u0142\u0105czy\u0107 si\u0119 poprzez sugestie, podpowiedzi, pomys\u0142y w prac\u0119 synodaln\u0105 zmierzaj\u0105c\u0105 do zmian w ko\u015bciele. Serdecznie zapraszamy.<br \/>\n2. We wtorek o godz. 18.00 zostanie odprawiona Msza \u015bwi\u0119ta ku czci \u015bw. Rity patronki spraw trudnych i beznadziejnych. Po Eucharystii nast\u0105pi nabo\u017ce\u0144stwo do tej szczeg\u00f3lnej \u015bwi\u0119tej. R\u00f3\u017ce b\u0119dzie mo\u017cna zakupi\u0107 przed Msz\u0105 \u015bwi\u0119t\u0105. R\u00f3wnie\u017c we wtorek o godz. 9.00 zostanie odprawiona Msza \u015bwi\u0119ta dla os\u00f3b niepe\u0142nosprawnych i starszych za wstawiennictwem \u015bw. Rity.<br \/>\n3. We wtorek 22 lutego w budynku Centrum Pomocy Rodzinie w godz. 17.00-18.00 nieodp\u0142atnie b\u0119dzie przyjmowa\u0142 logopeda szkolny.<br \/>\n4. W pi\u0105tek o godz. 18.00 zostanie odprawiona Msza \u015bwi\u0119ta wypominkowa za naszych bliskich zmar\u0142ych.<br \/>\n5. Salezja\u0144ska Szko\u0142a Podstawowa w Legionowie, kt\u00f3ra jest szko\u0142\u0105 katolick\u0105, niepubliczn\u0105, opart\u0105 na systemie prewencyjnym \u015bw. Jana Bosko \u2013 tw\u00f3rcy sprawdzonych metod wychowawczych \u2013 w dniu 26 lutego (sobota) w godz. 10.00-13.00 zaprasza na dzie\u0144 otwarty. Je\u017celi Drodzy Rodzice szukacie dla dziecka szko\u0142y, w kt\u00f3rej panuje spokojna i rodzinna atmosfera, \u017cyczliwo\u015b\u0107 i wsparcie, a dziecko pragnie zdoby\u0107 wiedz\u0119, odkrywa\u0107 i rozwija\u0107 swoje zdolno\u015bci, kszta\u0142towa\u0107 charakter, odkrywa\u0107 Boga w codzienno\u015bci to mo\u017cna to wszystko znale\u017a\u0107 w szkole prowadzonej przez ksi\u0119\u017cy Salezjan\u00f3w. Wi\u0119cej informacji na plakacie w gablocie oraz na stronie internetowej www.salezy.pl<br \/>\n6. W sobot\u0119 26 lutego w Niepokalanowie odb\u0119dzie si\u0119 &#8222;Noc walki o b\u0142ogos\u0142awie\u0144stwo dla Polski&#8221;. Pocz\u0105tek o godz. 20.30.<br \/>\n7. W przysz\u0142\u0105 niedziel\u0119 o godz. 10.25 katecheza dla dzieci klas III szko\u0142y podstawowej przed uroczysto\u015bci\u0105 I Komunii \u015bwi\u0119tej.<br \/>\n8. Ksi\u0105dz Biskup Romuald Kami\u0144ski zwr\u00f3ci\u0142 si\u0119 z pro\u015bb\u0105 do duszpasterzy i wiernych diecezji warszawsko-praskiej:<\/p>\n<p><strong><em>Apel biskupa Romualda Kami\u0144skiego o modlitw\u0119 w intencji uratowania pokoju<\/em><\/strong><br \/>\n<strong><em>17 lutego 2022 roku<\/em><\/strong><\/p>\n<p>Wielebni Duszpasterze,<br \/>\nCzcigodni Diecezjanie,<\/p>\n<p>zawsze, kiedy nadchodz\u0105 trudne czasy, kierujemy nasze serca ku Bogu, pe\u0142nemu mi\u0142o\u015bci i mi\u0142osierdzia. Dzisiaj, kiedy jeste\u015bmy pe\u0142ni trwogi z racji zagro\u017conego pokoju i panuj\u0105cych napi\u0119\u0107 w najbli\u017cszym s\u0105siedztwie naszej Ojczyzny, zwracam si\u0119 do Was \u2013 wszystkich naszych Diecezjan \u2013 podejmijcie modlitw\u0119 r\u00f3\u017ca\u0144cow\u0105 i ofiarujcie post w intencji uratowania pokoju i jedno\u015bci pomi\u0119dzy narodami.<\/p>\n<p>Prosz\u0119 Duszpasterzy, aby organizowali w parafiach modlitw\u0119 r\u00f3\u017ca\u0144cow\u0105 i zach\u0119cali swoich parafian do indywidualnych form modlitwy.<\/p>\n<p>Wszystkie nasze wysi\u0142ki o uratowanie pokoju i jedno\u015bci mi\u0119dzy narodami powierzam wstawiennictwu Matki Bo\u017cej Zwyci\u0119skiej.<\/p>\n<p>Z modlitw\u0105 i pasterskim b\u0142ogos\u0142awie\u0144stwem<\/p>\n<p>+ Romuald Kami\u0144ski<br \/>\nBiskup Warszawsko-Praski<\/p>\n","protected":false},"excerpt":{"rendered":"<p>1. W dniu dzisiejszym odb\u0119d\u0105 si\u0119 nast\u0119puj\u0105ce spotkania: &#8211; o godz. 10.25 \u2013 katecheza dla dzieci klas IV szko\u0142y podstawowej przed rocznic\u0105 I Komunii \u015bwi\u0119tej &#8211; o godz. 16.00 w salce pod zakrysti\u0105 dla m\u0142odzie\u017cy przed sakramentem bierzmowania &#8211; o godz. 19.00 r\u00f3wnie\u017c w salce pod zakrysti\u0105 dla zespo\u0142u synodalnego oraz tych wszystkich, kt\u00f3rzy chcieliby [&hellip;]<\/p>\n","protected":false},"author":1,"featured_media":30657,"comment_status":"closed","ping_status":"closed","sticky":false,"template":"","format":"standard","meta":{"footnotes":""},"categories":[2,14],"tags":[],"class_list":["post-16618","post","type-post","status-publish","format-standard","has-post-thumbnail","hentry","category-aktualnosci","category-ogloszenia-parafialne"],"_links":{"self":[{"href":"https:\/\/mbfatimska.ovh\/index.php\/wp-json\/wp\/v2\/posts\/16618","targetHints":{"allow":["GET"]}}],"collection":[{"href":"https:\/\/mbfatimska.ovh\/index.php\/wp-json\/wp\/v2\/posts"}],"about":[{"href":"https:\/\/mbfatimska.ovh\/index.php\/wp-json\/wp\/v2\/types\/post"}],"author":[{"embeddable":true,"href":"https:\/\/mbfatimska.ovh\/index.php\/wp-json\/wp\/v2\/users\/1"}],"replies":[{"embeddable":true,"href":"https:\/\/mbfatimska.ovh\/index.php\/wp-json\/wp\/v2\/comments?post=16618"}],"version-history":[{"count":0,"href":"https:\/\/mbfatimska.ovh\/index.php\/wp-json\/wp\/v2\/posts\/16618\/revisions"}],"wp:featuredmedia":[{"embeddable":true,"href":"https:\/\/mbfatimska.ovh\/index.php\/wp-json\/wp\/v2\/media\/30657"}],"wp:attachment":[{"href":"https:\/\/mbfatimska.ovh\/index.php\/wp-json\/wp\/v2\/media?parent=16618"}],"wp:term":[{"taxonomy":"category","embeddable":true,"href":"https:\/\/mbfatimska.ovh\/index.php\/wp-json\/wp\/v2\/categories?post=16618"},{"taxonomy":"post_tag","embeddable":true,"href":"https:\/\/mbfatimska.ovh\/index.php\/wp-json\/wp\/v2\/tags?post=16618"}],"curies":[{"name":"wp","href":"https:\/\/api.w.org\/{rel}","templated":true}]}}