{"id":16656,"date":"2022-03-05T20:49:42","date_gmt":"2022-03-05T19:49:42","guid":{"rendered":"https:\/\/www.mbfatimska.pl\/?p=16656"},"modified":"2022-03-05T20:49:42","modified_gmt":"2022-03-05T19:49:42","slug":"i-niedziela-wielkiego-postu-3","status":"publish","type":"post","link":"https:\/\/mbfatimska.ovh\/index.php\/2022\/03\/05\/i-niedziela-wielkiego-postu-3\/","title":{"rendered":"I Niedziela Wielkiego Postu"},"content":{"rendered":"<p>1. Solidaryzuj\u0105c si\u0119 z narodem ukrai\u0144skim nadal zbieramy dary rzeczowe z my\u015bl\u0105 o naszych braciach i siostrach ze wschodniej granicy. S\u0105 potrzebne \u015brodki opatrunkowe, \u015brodki higieny osobistej, \u017cywno\u015b\u0107 o przed\u0142u\u017conym terminie przydatno\u015bci. Wszystkie te dary mo\u017cemy przynosi\u0107 do ko\u015bcio\u0142a i k\u0142a\u015b\u0107 na pode\u015bcie dla scholi b\u0105d\u017a do zakrystii. R\u00f3wnie\u017c jako forma wielkopostnej ja\u0142mu\u017cny mo\u017cemy sk\u0142ada\u0107 ofiary pieni\u0119\u017cne do skarbony, kt\u00f3ra znajduje si\u0119 za \u0142awkami.<br \/>\n2. Bardzo serdecznie dzi\u0119kujemy za dotychczasow\u0105 pomoc finansow\u0105, za ofiary sk\u0142adane w minion\u0105 niedziel\u0119 i w \u015brod\u0119 popielcow\u0105 na rzecz Ukrainy. Dzi\u0119kujemy za dary materialne oraz za z\u0142o\u017cenie deklaracji wyra\u017caj\u0105cej ch\u0119\u0107 przyj\u0119cia udr\u0119czonych mieszka\u0144c\u00f3w Ukrainy do swego domu. Nadal deklaracje s\u0105 wy\u0142o\u017cone za \u0142awkami oraz zamieszczone na stronie parafialnej.<br \/>\n3. W poniedzia\u0142ek 7 marca Ksi\u0105dz Proboszcz obchodzi dzie\u0144 swoich imienin i urodzin. Dzisiaj na zako\u0144czenie ka\u017cdej Mszy \u015bwi\u0119tej b\u0119dziemy mogli poprzez modlitw\u0119, dobre s\u0142owo i kwiaty wyrazi\u0107 wdzi\u0119czno\u015b\u0107 i z\u0142o\u017cy\u0107 najserdeczniejsze \u017cyczenia naszemu Pasterzowi i Gospodarzowi. Modlimy si\u0119 o wszelkie potrzebne \u0142aski i wiele si\u0142, o dar zdrowia, by ka\u017cdego dnia m\u00f3g\u0142 Ksi\u0105dz Proboszcz opiekowa\u0107 si\u0119 nami wszystkimi i wskazywa\u0107 nam drog\u0119 do nieba.<br \/>\n4. Jeszcze dzisiaj o godz. 15.00 w Muzeum Historycznym na Piaskach odb\u0119dzie si\u0119 prelekcja Krzysztofa Ko\u0142odziejczyka pt.: \u201eRepresje UB wobec \u017co\u0142nierzy podziemia niepodleg\u0142o\u015bciowego\u201d. Wst\u0119p wolny.<br \/>\n5. W czwartek 10 marca o godz. 18.00 zapraszamy na Msz\u0119 \u015bwi\u0119t\u0105 dzi\u0119kczynno-b\u0142agaln\u0105 w intencji os\u00f3b modl\u0105cych si\u0119 Margerytk\u0105 za kap\u0142an\u00f3w z naszej parafii z pro\u015bb\u0105 o \u0142ask\u0119 wytrwa\u0142o\u015bci.<br \/>\n6. W okresie Wielkiego Postu zapraszamy na nabo\u017ce\u0144stwa wielkopostne<br \/>\n&#8211; w pi\u0105tki Droga Krzy\u017cowa \u2013 o godz. 16.30 dla dzieci oraz o godz. 18.45 dla doros\u0142ych<br \/>\n&#8211; w niedziele Gorzkie \u017bale o 17.15.<br \/>\n7. W przysz\u0142\u0105 niedziel\u0119 przed ko\u015bcio\u0142em b\u0119d\u0105 zbierane ofiary na rzecz ma\u0142ej Gabrysi \u2013 kilkumiesi\u0119cznego dziecka chorego na SMA1. Ta straszna choroba Gabrysi odbiera si\u0142y i szanse na samodzielne \u017cycie. Ratunkiem jest terapia genowa zwana najdro\u017cszym lekiem \u015bwiata. Potrzeba na to leczenie bagatela ponad 9 mln z\u0142. Obok tragedii na Ukrainie nie przejd\u017amy oboj\u0119tnie obok tragedii ma\u0142ego dziecka i jego rodzic\u00f3w.<br \/>\n8. W przysz\u0142\u0105 niedziel\u0119 o godz. 10.25 odb\u0119dzie si\u0119 spotkanie dla dzieci klas III szko\u0142y podstawowej przed I Komuni\u0105 \u015bwi\u0119t\u0105.<br \/>\n9. Zach\u0119camy do uczestnictwa w nowennie o \u015bwi\u0119te, gorliwe i liczne powo\u0142ania kap\u0142a\u0144skie i zakonne. W dniu dzisiejszym nowenna b\u0119dzie odm\u00f3wiona po Mszy \u015bw. o godz. 12.30 a w dni powszednie po Mszy \u015bwi\u0119tej wieczornej.<br \/>\n10. Zach\u0119camy do modlitwy o pok\u00f3j na Ukrainie. Ka\u017cdego dnia o godz. 17.30 odb\u0119dzie si\u0119 w tej intencji r\u00f3\u017caniec a po Mszy \u015bwi\u0119tej o godz. 18.00 i po nowennie Koronka do Bo\u017cego Mi\u0142osierdzia.<br \/>\n11. Zesp\u00f3\u0142 synodalny w naszej parafii dzi\u0119kuje wszystkim parafianom oraz wsp\u00f3lnocie Odnowy w Duchu \u015awi\u0119tym i Domowego Ko\u015bcio\u0142a za zaanga\u017cowanie w synodalne konsultacje lokalne w ramach przygotowania do synodu biskup\u00f3w &#8222;.Ku Ko\u015bcio\u0142owi synodalnemu: komunia, uczestnictwo i misja.&#8221; Informujemy,\u017ce czas synodalnych konsultacji lokalnych w naszej diecezji zosta\u0142 przed\u0142u\u017cony do 15 marca 2022. Termin sk\u0142adania ankiet synodalnych w naszej parafii jest do 13 marca 2022. Ankiety mo\u017cna przynie\u015b\u0107 do zakrystii, wrzuci\u0107 do skrzynki z ty\u0142u ko\u015bcio\u0142a lub wys\u0142a\u0107 bezpo\u015brednio do kurii on line. Na mocy chrztu \u015bwi\u0119tego, podejmijmy odpowiedzialno\u015b\u0107 za wsp\u00f3lnot\u0119 Ko\u015bcio\u0142a i pom\u00f3\u017cmy Papie\u017cowi Franciszkowi i biskupom w rozeznaniu odno\u015bnie Ko\u015bcio\u0142a XXI wieku. Synod biskup\u00f3w rozpocznie si\u0119 jesieni\u0105 2022 roku.<\/p>\n","protected":false},"excerpt":{"rendered":"<p>1. Solidaryzuj\u0105c si\u0119 z narodem ukrai\u0144skim nadal zbieramy dary rzeczowe z my\u015bl\u0105 o naszych braciach i siostrach ze wschodniej granicy. S\u0105 potrzebne \u015brodki opatrunkowe, \u015brodki higieny osobistej, \u017cywno\u015b\u0107 o przed\u0142u\u017conym terminie przydatno\u015bci. Wszystkie te dary mo\u017cemy przynosi\u0107 do ko\u015bcio\u0142a i k\u0142a\u015b\u0107 na pode\u015bcie dla scholi b\u0105d\u017a do zakrystii. R\u00f3wnie\u017c jako forma wielkopostnej ja\u0142mu\u017cny mo\u017cemy sk\u0142ada\u0107 [&hellip;]<\/p>\n","protected":false},"author":1,"featured_media":30657,"comment_status":"closed","ping_status":"closed","sticky":false,"template":"","format":"standard","meta":{"footnotes":""},"categories":[2,14],"tags":[],"class_list":["post-16656","post","type-post","status-publish","format-standard","has-post-thumbnail","hentry","category-aktualnosci","category-ogloszenia-parafialne"],"_links":{"self":[{"href":"https:\/\/mbfatimska.ovh\/index.php\/wp-json\/wp\/v2\/posts\/16656","targetHints":{"allow":["GET"]}}],"collection":[{"href":"https:\/\/mbfatimska.ovh\/index.php\/wp-json\/wp\/v2\/posts"}],"about":[{"href":"https:\/\/mbfatimska.ovh\/index.php\/wp-json\/wp\/v2\/types\/post"}],"author":[{"embeddable":true,"href":"https:\/\/mbfatimska.ovh\/index.php\/wp-json\/wp\/v2\/users\/1"}],"replies":[{"embeddable":true,"href":"https:\/\/mbfatimska.ovh\/index.php\/wp-json\/wp\/v2\/comments?post=16656"}],"version-history":[{"count":0,"href":"https:\/\/mbfatimska.ovh\/index.php\/wp-json\/wp\/v2\/posts\/16656\/revisions"}],"wp:featuredmedia":[{"embeddable":true,"href":"https:\/\/mbfatimska.ovh\/index.php\/wp-json\/wp\/v2\/media\/30657"}],"wp:attachment":[{"href":"https:\/\/mbfatimska.ovh\/index.php\/wp-json\/wp\/v2\/media?parent=16656"}],"wp:term":[{"taxonomy":"category","embeddable":true,"href":"https:\/\/mbfatimska.ovh\/index.php\/wp-json\/wp\/v2\/categories?post=16656"},{"taxonomy":"post_tag","embeddable":true,"href":"https:\/\/mbfatimska.ovh\/index.php\/wp-json\/wp\/v2\/tags?post=16656"}],"curies":[{"name":"wp","href":"https:\/\/api.w.org\/{rel}","templated":true}]}}