{"id":16815,"date":"2022-04-14T10:34:48","date_gmt":"2022-04-14T08:34:48","guid":{"rendered":"https:\/\/www.mbfatimska.pl\/?p=16815"},"modified":"2022-04-14T10:34:48","modified_gmt":"2022-04-14T08:34:48","slug":"triduum-paschalne","status":"publish","type":"post","link":"https:\/\/mbfatimska.ovh\/index.php\/2022\/04\/14\/triduum-paschalne\/","title":{"rendered":"TRIDUUM PASCHALNE"},"content":{"rendered":"<h1><strong>TRIDUUM PASCHALNE<\/strong><\/h1>\n<p>&nbsp;<\/p>\n<p>&nbsp;<\/p>\n<h2><strong>WIELKI CZWARTEK<\/strong><\/h2>\n<p>&nbsp;<\/p>\n<h4>MSZA WIECZERZY PA\u0143SKIEJ\u00a0 \u00a0 \u00a0 \u00a0 \u00a0 \u00a0 \u00a0\u2013 GODZ. 18.00<\/h4>\n<p>ADORACJA CHRYSTUSA W CIEMNICY\u00a0 \u00a0 \u00a0 \u00a0 \u00a0 \u00a0 \u00a0 \u00a0 \u00a0 \u00a0 \u00a0 \u00a0 \u00a0 \u00a0 \u00a0 \u2013 GODZ. 19.30-22.00<\/p>\n<p>&nbsp;<\/p>\n<p>&nbsp;<\/p>\n<h2><strong>WIELKI PI\u0104TEK<\/strong><\/h2>\n<p>&nbsp;<\/p>\n<p>CIEMNA JUTRZNIA\u00a0 \u00a0 \u00a0 \u00a0 \u00a0 \u00a0 \u00a0 \u00a0 \u00a0 \u00a0 \u00a0 \u00a0 \u00a0 \u00a0 \u00a0 \u00a0 \u00a0 \u00a0 \u00a0 \u00a0 \u00a0 \u00a0 \u00a0 \u00a0 \u00a0 \u00a0 \u00a0 \u00a0 \u00a0 \u00a0 \u00a0 \u00a0 \u00a0\u2013 GODZ. 07.30<br \/>\nADORACJA CHRYSTUSA W CIEMNICY\u00a0 \u00a0 \u00a0 \u00a0 \u00a0 \u00a0 \u00a0 \u00a0 \u00a0 \u00a0 \u00a0 \u00a0 \u00a0 \u00a0 \u00a0\u2013 GODZ. 08.00-17.30<\/p>\n<h4>LITURGIA M\u0118KI PA\u0143SKIEJ\u00a0 \u00a0 \u00a0 \u00a0 \u00a0 \u00a0 \u00a0 \u00a0 \u00a0 \u2013 GODZ. 18.00<\/h4>\n<p>ADORACJA CHRYSTUSA W GROBIE\u00a0 \u00a0 \u00a0 \u00a0 \u00a0 \u00a0 \u00a0 \u00a0 \u00a0 \u00a0 \u00a0 \u00a0 \u00a0 \u00a0 \u00a0 \u00a0 \u00a0 \u2013 GODZ. 19.30-21.00<br \/>\nDROGA KRZY\u017bOWA ULICAMI PARAFII\u00a0 \u00a0 \u00a0 \u00a0 \u00a0 \u00a0 \u00a0 \u00a0 \u00a0 \u00a0 \u00a0 \u00a0 \u00a0 \u00a0 \u00a0\u2013 GODZ. 21.00<\/p>\n<p>&nbsp;<\/p>\n<p>&nbsp;<\/p>\n<h2><strong>WIELKA SOBOTA<\/strong><\/h2>\n<p>&nbsp;<\/p>\n<p>CIEMNA JUTRZNIA\u00a0 \u00a0 \u00a0 \u00a0 \u00a0 \u00a0 \u00a0 \u00a0 \u00a0 \u00a0 \u00a0 \u00a0 \u00a0 \u00a0 \u00a0 \u00a0 \u00a0 \u00a0 \u00a0 \u00a0 \u00a0 \u00a0 \u00a0 \u00a0 \u00a0 \u00a0 \u00a0 \u00a0 \u00a0 \u00a0 \u00a0 \u00a0 \u2013 GODZ. 07.30<br \/>\nB\u0141OGOS\u0141AWIE\u0143STWO POKARM\u00d3W\u00a0 \u00a0 \u00a0 \u00a0 \u00a0 \u00a0 \u00a0 \u00a0 \u00a0 \u00a0 \u00a0 \u00a0 \u00a0 \u00a0 \u00a0 \u00a0\u2013 GODZ. 08.00-17.00 (STANIS\u0141AW\u00d3W II \u2013 GODZ. 10.00)<br \/>\nADORACJA CHRYSTUSA W GROBIE\u00a0 \u00a0 \u00a0 \u00a0 \u00a0 \u00a0 \u00a0 \u00a0 \u00a0 \u00a0 \u00a0 \u00a0 \u00a0 \u00a0 \u00a0 \u00a0 \u00a0\u2013 GODZ. 08-17.30<\/p>\n<h4>WIGILIA PASCHALNA\u00a0 \u00a0 \u00a0 \u00a0 \u00a0 \u00a0 \u00a0 \u00a0 \u00a0 \u00a0 \u00a0 \u00a0 \u00a0 \u2013 GODZ. 18.00<\/h4>\n<p>(przynosimy \u015bwiece do odnowienia przyrzecze\u0144 paschalnych)<\/p>\n<p>ADORACJA CHRYSTUSA W GROBIE\u00a0 \u00a0 \u00a0 \u00a0 \u00a0 \u00a0 \u00a0 \u00a0 \u00a0 \u00a0 \u00a0 \u00a0 \u00a0 \u00a0 \u00a0 \u00a0 \u00a0\u2013 GODZ. 19.30-22.00<\/p>\n","protected":false},"excerpt":{"rendered":"<p>TRIDUUM PASCHALNE &nbsp; &nbsp; WIELKI CZWARTEK &nbsp; MSZA WIECZERZY PA\u0143SKIEJ\u00a0 \u00a0 \u00a0 \u00a0 \u00a0 \u00a0 \u00a0\u2013 GODZ. 18.00 ADORACJA CHRYSTUSA W CIEMNICY\u00a0 \u00a0 \u00a0 \u00a0 \u00a0 \u00a0 \u00a0 \u00a0 \u00a0 \u00a0 \u00a0 \u00a0 \u00a0 \u00a0 \u00a0 \u2013 GODZ. 19.30-22.00 &nbsp; &nbsp; WIELKI PI\u0104TEK &nbsp; CIEMNA JUTRZNIA\u00a0 \u00a0 \u00a0 \u00a0 \u00a0 \u00a0 \u00a0 \u00a0 \u00a0 \u00a0 [&hellip;]<\/p>\n","protected":false},"author":1,"featured_media":30657,"comment_status":"closed","ping_status":"closed","sticky":false,"template":"","format":"standard","meta":{"footnotes":""},"categories":[2,14],"tags":[],"class_list":["post-16815","post","type-post","status-publish","format-standard","has-post-thumbnail","hentry","category-aktualnosci","category-ogloszenia-parafialne"],"_links":{"self":[{"href":"https:\/\/mbfatimska.ovh\/index.php\/wp-json\/wp\/v2\/posts\/16815","targetHints":{"allow":["GET"]}}],"collection":[{"href":"https:\/\/mbfatimska.ovh\/index.php\/wp-json\/wp\/v2\/posts"}],"about":[{"href":"https:\/\/mbfatimska.ovh\/index.php\/wp-json\/wp\/v2\/types\/post"}],"author":[{"embeddable":true,"href":"https:\/\/mbfatimska.ovh\/index.php\/wp-json\/wp\/v2\/users\/1"}],"replies":[{"embeddable":true,"href":"https:\/\/mbfatimska.ovh\/index.php\/wp-json\/wp\/v2\/comments?post=16815"}],"version-history":[{"count":0,"href":"https:\/\/mbfatimska.ovh\/index.php\/wp-json\/wp\/v2\/posts\/16815\/revisions"}],"wp:featuredmedia":[{"embeddable":true,"href":"https:\/\/mbfatimska.ovh\/index.php\/wp-json\/wp\/v2\/media\/30657"}],"wp:attachment":[{"href":"https:\/\/mbfatimska.ovh\/index.php\/wp-json\/wp\/v2\/media?parent=16815"}],"wp:term":[{"taxonomy":"category","embeddable":true,"href":"https:\/\/mbfatimska.ovh\/index.php\/wp-json\/wp\/v2\/categories?post=16815"},{"taxonomy":"post_tag","embeddable":true,"href":"https:\/\/mbfatimska.ovh\/index.php\/wp-json\/wp\/v2\/tags?post=16815"}],"curies":[{"name":"wp","href":"https:\/\/api.w.org\/{rel}","templated":true}]}}