{"id":17007,"date":"2022-04-16T09:32:24","date_gmt":"2022-04-16T07:32:24","guid":{"rendered":"https:\/\/www.mbfatimska.pl\/?p=17007"},"modified":"2022-04-16T09:32:24","modified_gmt":"2022-04-16T07:32:24","slug":"wielkanoc-2022","status":"publish","type":"post","link":"https:\/\/mbfatimska.ovh\/index.php\/2022\/04\/16\/wielkanoc-2022\/","title":{"rendered":"WIELKANOC 2022"},"content":{"rendered":"<h1><strong>WIELKANOC 2022<\/strong><\/h1>\n<p>&nbsp;<\/p>\n<h3><strong>PORZ\u0104DEK NABO\u017bE\u0143STW<\/strong><\/h3>\n<p><strong>\u00a0<\/strong><\/p>\n<h3><strong><u>NIEDZIELA WIELKANOCNA<\/u><\/strong><\/h3>\n<p>GODZ. 06.30 \u2013 PROCESJA REZUREKCYJNA I MSZA \u015aWI\u0118TA<\/p>\n<p>&nbsp;<\/p>\n<p>MSZE \u015aWI\u0118TE:<\/p>\n<p>GODZ. 11.00, 12.30 i 18.00<\/p>\n<p>&nbsp;<\/p>\n<p>NIE B\u0118DZIE MSZY \u015aWI\u0118TEJ O GODZ. 9.00<\/p>\n<p>&nbsp;<\/p>\n<p>&nbsp;<\/p>\n<h3><u>PONIEDZIA\u0141EK WIELKANOCNY<\/u><\/h3>\n<p><u>\u00a0<\/u><\/p>\n<p>MSZE \u015aWI\u0118TE:<\/p>\n<p>GODZ. 07.30, 09.00, 11.00, 12.30 i 18.00<\/p>\n","protected":false},"excerpt":{"rendered":"<p>WIELKANOC 2022 &nbsp; PORZ\u0104DEK NABO\u017bE\u0143STW \u00a0 NIEDZIELA WIELKANOCNA GODZ. 06.30 \u2013 PROCESJA REZUREKCYJNA I MSZA \u015aWI\u0118TA &nbsp; MSZE \u015aWI\u0118TE: GODZ. 11.00, 12.30 i 18.00 &nbsp; NIE B\u0118DZIE MSZY \u015aWI\u0118TEJ O GODZ. 9.00 &nbsp; &nbsp; PONIEDZIA\u0141EK WIELKANOCNY \u00a0 MSZE \u015aWI\u0118TE: GODZ. 07.30, 09.00, 11.00, 12.30 i 18.00<\/p>\n","protected":false},"author":1,"featured_media":30657,"comment_status":"closed","ping_status":"closed","sticky":false,"template":"","format":"standard","meta":{"footnotes":""},"categories":[2,14],"tags":[],"class_list":["post-17007","post","type-post","status-publish","format-standard","has-post-thumbnail","hentry","category-aktualnosci","category-ogloszenia-parafialne"],"_links":{"self":[{"href":"https:\/\/mbfatimska.ovh\/index.php\/wp-json\/wp\/v2\/posts\/17007","targetHints":{"allow":["GET"]}}],"collection":[{"href":"https:\/\/mbfatimska.ovh\/index.php\/wp-json\/wp\/v2\/posts"}],"about":[{"href":"https:\/\/mbfatimska.ovh\/index.php\/wp-json\/wp\/v2\/types\/post"}],"author":[{"embeddable":true,"href":"https:\/\/mbfatimska.ovh\/index.php\/wp-json\/wp\/v2\/users\/1"}],"replies":[{"embeddable":true,"href":"https:\/\/mbfatimska.ovh\/index.php\/wp-json\/wp\/v2\/comments?post=17007"}],"version-history":[{"count":0,"href":"https:\/\/mbfatimska.ovh\/index.php\/wp-json\/wp\/v2\/posts\/17007\/revisions"}],"wp:featuredmedia":[{"embeddable":true,"href":"https:\/\/mbfatimska.ovh\/index.php\/wp-json\/wp\/v2\/media\/30657"}],"wp:attachment":[{"href":"https:\/\/mbfatimska.ovh\/index.php\/wp-json\/wp\/v2\/media?parent=17007"}],"wp:term":[{"taxonomy":"category","embeddable":true,"href":"https:\/\/mbfatimska.ovh\/index.php\/wp-json\/wp\/v2\/categories?post=17007"},{"taxonomy":"post_tag","embeddable":true,"href":"https:\/\/mbfatimska.ovh\/index.php\/wp-json\/wp\/v2\/tags?post=17007"}],"curies":[{"name":"wp","href":"https:\/\/api.w.org\/{rel}","templated":true}]}}