{"id":17288,"date":"2022-05-21T21:37:52","date_gmt":"2022-05-21T19:37:52","guid":{"rendered":"https:\/\/www.mbfatimska.pl\/?p=17288"},"modified":"2022-05-21T21:37:52","modified_gmt":"2022-05-21T19:37:52","slug":"vi-niedziela-wielkanocna-2","status":"publish","type":"post","link":"https:\/\/mbfatimska.ovh\/index.php\/2022\/05\/21\/vi-niedziela-wielkanocna-2\/","title":{"rendered":"VI Niedziela Wielkanocna"},"content":{"rendered":"<p> 1. W dniu wczorajszym grupa ponad 50 dzieci przyst\u0105pi\u0142a do Komunii \u015bwi\u0119tej rocznicowej. Rodzicom i dzieciom dzi\u0119kujemy za pi\u0119kne \u015bwiadectwo wiary i mi\u0142o\u015bci do Pana Boga bo nie wszystkie dzieci, kt\u00f3re rok temu przyst\u0105pi\u0142y do I Komunii \u015bwi\u0119tej wczoraj prze\u017cywa\u0142y rado\u015b\u0107 rocznicy. \u017byczymy im wszystkim otwarto\u015bci na mi\u0142o\u015b\u0107 Pana Boga.<br \/>\n2. Jeszcze dzisiaj odb\u0119d\u0105 si\u0119 nast\u0119puj\u0105ce spotkania:<br \/>\n&#8211; o godz. 17.00 dla m\u0142odzie\u017cy przed sakramentem bierzmowania, kt\u00f3ra ma do zaliczenia okre\u015blony zas\u00f3b wiadomo\u015bci a nie uczynili tego w wyznaczonym terminie,<br \/>\n&#8211; o godz. 17.30 dla rodzic\u00f3w dzieci, kt\u00f3re w wakacje wyje\u017cd\u017caj\u0105 do Szklarskiej Por\u0119by,<br \/>\n&#8211; o godz. 20.00 dla narzeczonych kolejna katecheza w ramach kursu przedma\u0142\u017ce\u0144skiego<br \/>\n3. W dniu dzisiejszym zapraszamy na nabo\u017ce\u0144stwo do \u015bw. Rity po\u0142\u0105czone z nabo\u017ce\u0144stwem majowym. Nasze modlitwy rozpoczniemy o godz. 18.20. R\u00f3\u017ce b\u0119dzie mo\u017cna zakupi\u0107 od godz. 18.00 i r\u00f3wnie\u017c przed nabo\u017ce\u0144stwem z\u0142o\u017cy\u0107 intencje pod o\u0142tarzem.<br \/>\n4. W czwartek 26 maja obchodzimy Dzie\u0144 Matki, pami\u0119tajmy w tym dniu o naszej modlitwie dzi\u0119kczynnej za dar ich mi\u0142o\u015bci i powo\u0142ania a dla tych, kt\u00f3re odesz\u0142y do domu Ojca wypraszajmy \u017cycie wieczne.<br \/>\n5. W pi\u0105tek o godz. 19.00 zostanie odprawiona Msza \u015bwi\u0119ta wypominkowa za naszych bliskich zmar\u0142ych. Nabo\u017ce\u0144stwo majowe w tym dniu b\u0119dzie sprawowane o godz. 18.45 czyli przed Msz\u0105 \u015bwi\u0119t\u0105 o godz. 19.00.<br \/>\n6. W tym tygodniu w sobot\u0119 grupa 109 dzieci przyst\u0105pi do I Komunii \u015bwi\u0119tej na Mszach \u015bwi\u0119tych o godz. 9.30, 11.00 i 12.30. Wcze\u015bniej dzieci przyst\u0105pi\u0105 do I spowiedzi:<br \/>\n&#8211; w czwartek o godz. 17.00 \u2013 grupa I<br \/>\n&#8211; w pi\u0105tek o godz. 16.00 \u2013 grupa II; i o godz. 17.00 \u2013 grupa III<br \/>\n7. W sobot\u0119 28 maja nasze miasto prze\u017cywa\u0107 b\u0119dzie niecodzienn\u0105 uroczysto\u015b\u0107. Legionowo otrzyma patrona w osobie b\u0142. Kard. Stefana Wyszy\u0144skiego. G\u0142\u00f3wne uroczysto\u015bci o godz. 11.00 w parafii \u015bw. Jana Kantego. Msz\u0119 \u015bwi\u0119t\u0105 sprawowa\u0107 b\u0119dzie Ks. bp Romuald Kami\u0144ski a opraw\u0119 muzyczn\u0105 zapewni Reprezentacyjny Zesp\u00f3\u0142 Artystyczny Wojska Polskiego. Po Mszy \u015bwi\u0119tej przewidziany jest piknik. Serdecznie zapraszamy. Wi\u0119cej informacji na plakacie.<br \/>\n8. R\u00f3wnie\u017c w sobot\u0119, 28 maja przypada 30 rocznica \u015bwi\u0119ce\u0144 kap\u0142a\u0144skich naszego Ksi\u0119dza Proboszcza \u2013 Ksi\u0119dza Pra\u0142ata Tomasza Chcia\u0142owskiego. W niedziel\u0119 29 maja podczas Mszy \u015bwi\u0119tej o godz. 9.00 b\u0119dziemy dzi\u0119kowa\u0107 Panu Bogu za dar sakramentu kap\u0142a\u0144stwa a na zako\u0144czenie ka\u017cdej Mszy \u015bwi\u0119tej b\u0119dziemy mogli wyrazi\u0107 wdzi\u0119czno\u015b\u0107 i z\u0142o\u017cy\u0107 najserdeczniejsze \u017cyczenia naszemu Pasterzowi i Gospodarzowi poprzez modlitw\u0119, dobre s\u0142owo i kwiaty. Modlimy si\u0119 o potrzebne \u0142aski i nowe si\u0142y, o dar zdrowia, o kolejne lata opieki nad nasza parafi\u0105 i nasz\u0105 wsp\u00f3lnot\u0105 oraz o b\u0142ogos\u0142awie\u0144stwo na realizacj\u0119 wszelkich dzie\u0142 zwi\u0105zanych z nasz\u0105 parafi\u0105 .<br \/>\n9. Muzeum Historyczne na Piaskach zaprasza na wystaw\u0119 J\u00f3zef Pi\u0142sudski \u2013 formy pami\u0119ci. Wystaw\u0119 mo\u017cemy zobaczy\u0107 ka\u017cdego dnia w godzinach pracy muzeum.<br \/>\n10. W zwi\u0105zku z Uroczysto\u015bci\u0105 Bo\u017cego Cia\u0142a i konieczno\u015bci\u0105 budowy 4 o\u0142tarzy , w najbli\u017cszych dniach przedstawiciele parafii, kt\u00f3rzy podj\u0119li si\u0119 trudu budowy o\u0142tarzy zapukaj\u0105 do naszych dom\u00f3w i mieszka\u0144 celem wsparcia finansowego idei dekoracji na uroczysto\u015b\u0107. Prosz\u0119 o \u017cyczliwo\u015b\u0107 i przychylno\u015b\u0107.<br \/>\n11. Za tydzie\u0144 b\u0119dziemy w ko\u015bciele obchodzi\u0107 Uroczysto\u015b\u0107 Wniebowst\u0105pienia Pa\u0144skiego .<br \/>\n12. W przysz\u0142\u0105 niedziel\u0119 o godz. 17.30 odb\u0119dzie si\u0119 katecheza dla m\u0142odzie\u017cy przed sakramentem bierzmowania.<br \/>\n13. Dzi\u0119kujemy bardzo serdecznie za prace porz\u0105dkowe w pi\u0105tek i sobot\u0119. W najbli\u017csze tygodnie, zw\u0142aszcza na pi\u0105tek, zapraszamy do wsp\u00f3lnej pracy na naszym terenie ko\u015bcielnym.<\/p>\n","protected":false},"excerpt":{"rendered":"<p>1. W dniu wczorajszym grupa ponad 50 dzieci przyst\u0105pi\u0142a do Komunii \u015bwi\u0119tej rocznicowej. Rodzicom i dzieciom dzi\u0119kujemy za pi\u0119kne \u015bwiadectwo wiary i mi\u0142o\u015bci do Pana Boga bo nie wszystkie dzieci, kt\u00f3re rok temu przyst\u0105pi\u0142y do I Komunii \u015bwi\u0119tej wczoraj prze\u017cywa\u0142y rado\u015b\u0107 rocznicy. \u017byczymy im wszystkim otwarto\u015bci na mi\u0142o\u015b\u0107 Pana Boga. 2. Jeszcze dzisiaj odb\u0119d\u0105 si\u0119 [&hellip;]<\/p>\n","protected":false},"author":1,"featured_media":30657,"comment_status":"closed","ping_status":"closed","sticky":false,"template":"","format":"standard","meta":{"footnotes":""},"categories":[2,14],"tags":[],"class_list":["post-17288","post","type-post","status-publish","format-standard","has-post-thumbnail","hentry","category-aktualnosci","category-ogloszenia-parafialne"],"_links":{"self":[{"href":"https:\/\/mbfatimska.ovh\/index.php\/wp-json\/wp\/v2\/posts\/17288","targetHints":{"allow":["GET"]}}],"collection":[{"href":"https:\/\/mbfatimska.ovh\/index.php\/wp-json\/wp\/v2\/posts"}],"about":[{"href":"https:\/\/mbfatimska.ovh\/index.php\/wp-json\/wp\/v2\/types\/post"}],"author":[{"embeddable":true,"href":"https:\/\/mbfatimska.ovh\/index.php\/wp-json\/wp\/v2\/users\/1"}],"replies":[{"embeddable":true,"href":"https:\/\/mbfatimska.ovh\/index.php\/wp-json\/wp\/v2\/comments?post=17288"}],"version-history":[{"count":0,"href":"https:\/\/mbfatimska.ovh\/index.php\/wp-json\/wp\/v2\/posts\/17288\/revisions"}],"wp:featuredmedia":[{"embeddable":true,"href":"https:\/\/mbfatimska.ovh\/index.php\/wp-json\/wp\/v2\/media\/30657"}],"wp:attachment":[{"href":"https:\/\/mbfatimska.ovh\/index.php\/wp-json\/wp\/v2\/media?parent=17288"}],"wp:term":[{"taxonomy":"category","embeddable":true,"href":"https:\/\/mbfatimska.ovh\/index.php\/wp-json\/wp\/v2\/categories?post=17288"},{"taxonomy":"post_tag","embeddable":true,"href":"https:\/\/mbfatimska.ovh\/index.php\/wp-json\/wp\/v2\/tags?post=17288"}],"curies":[{"name":"wp","href":"https:\/\/api.w.org\/{rel}","templated":true}]}}