{"id":17313,"date":"2022-06-06T14:13:29","date_gmt":"2022-06-06T12:13:29","guid":{"rendered":"https:\/\/www.mbfatimska.pl\/?p=17313"},"modified":"2022-06-06T14:13:29","modified_gmt":"2022-06-06T12:13:29","slug":"uroczystosc-zeslania-ducha-swietego","status":"publish","type":"post","link":"https:\/\/mbfatimska.ovh\/index.php\/2022\/06\/06\/uroczystosc-zeslania-ducha-swietego\/","title":{"rendered":"Uroczysto\u015b\u0107 zes\u0142ania Ducha \u015awi\u0119tego"},"content":{"rendered":"<p>1. Dzisiejsz\u0105 uroczysto\u015bci\u0105 ko\u0144czymy Okres Wielkanocny. Przypominamy o przykazaniu ko\u015bcielnym &#8222;W okresie Wielkanocnym Komuni\u0119 \u015awi\u0119t\u0105 przyj\u0105\u0107&#8221;. Jutro drugi dzie\u0144 Zielonych \u015awi\u0105tek &#8211; \u015awi\u0119to Naj\u015bwi\u0119tszej Maryi Panny Matki Ko\u015bcio\u0142a.<br \/>\n2. R\u00f3wnie\u017c dzisiaj z racji I Niedzieli miesi\u0105ca po Mszy \u015awi\u0119tej o godzinie 12:30 procesja eucharystyczna i adoracja do godziny 18:30<br \/>\n3. Jeszcze dzisiaj przed ko\u015bcio\u0142em tak, jak w ca\u0142ej Polsce, ofiary sk\u0142adane do koszyk\u00f3w przeznaczone s\u0105 na doko\u0144czenie budowy \u015awi\u0105tyni Opatrzno\u015bci Bo\u017cej w Warszawie.<br \/>\n4. Dzisiaj o godzinie 17:30 spotkanie dla m\u0142odzie\u017cy przed Sakramentem Bierzmowania, a o godzinie 20:00 katecheza przed Sakramentem Ma\u0142\u017ce\u0144stwa w ramach kursu przedma\u0142\u017ce\u0144skiego.<br \/>\n5. Z racji czwartkowego Dnia Dziecka wszystkim dzieciom, kt\u00f3re s\u0105 w ko\u015bciele, rozdajemy przed ko\u015bcio\u0142em talony, kt\u00f3re w kawiarence mo\u017cna b\u0119dzie wymieni\u0107 na pysznego loda na patyku.<br \/>\n6. W poniedzia\u0142ek w godzinach 18:00-20:00 w budynku Centrum Pomocy Rodzinie nieodp\u0142atnie przyjmowa\u0142 b\u0119dzie psycholog.<br \/>\n7. W \u015brod\u0119 o godzinie 19:00 odprawiona zostanie Msza \u015awi\u0119ta w intencji ks. Arkadiusza i ks. Marka w rocznice \u015bwi\u0119ce\u0144 kap\u0142a\u0144skich. Ksi\u0105dz Arkadiusz w tym roku prze\u017cywa\u0107 b\u0119dzie 26 rocznic\u0119 \u015bwi\u0119ce\u0144 a ksi\u0105dz Marek 16 rocznic\u0119 \u015bwi\u0119ce\u0144.<br \/>\n8. W przysz\u0142\u0105 niedziel\u0119 w naszej parafii go\u015bci\u0107 b\u0119dziemy ksi\u0119dza z parafii Matki Bo\u017cej Pompeja\u0144skiej w Warszawie. Ksi\u0105dz &#8211; duszpasterz z tej parafii wyg\u0142osi S\u0142owo Bo\u017ce i b\u0119dzie nas prosi\u0142 o wsparcie budowy tej \u015bwi\u0105tyni ku czci matki Bo\u017cej.<br \/>\n9. Dzi\u0119kujemy za pi\u0105tkowe i sobotnie prace porz\u0105dkowe. Zapraszamy zw\u0142aszcza w sobot\u0119 na godzin\u0119 8:00 do pomocy w pracach na terenie ko\u015bcielnym. B\u0119dzie koszenie, zamiatanie, wywo\u017cenie skoszonej trawy. Prosz\u0119 o wsparcie naszej wsp\u00f3lnej dba\u0142o\u015bci o nasz teren parafialny.<\/p>\n","protected":false},"excerpt":{"rendered":"<p>1. Dzisiejsz\u0105 uroczysto\u015bci\u0105 ko\u0144czymy Okres Wielkanocny. Przypominamy o przykazaniu ko\u015bcielnym &#8222;W okresie Wielkanocnym Komuni\u0119 \u015awi\u0119t\u0105 przyj\u0105\u0107&#8221;. Jutro drugi dzie\u0144 Zielonych \u015awi\u0105tek &#8211; \u015awi\u0119to Naj\u015bwi\u0119tszej Maryi Panny Matki Ko\u015bcio\u0142a. 2. R\u00f3wnie\u017c dzisiaj z racji I Niedzieli miesi\u0105ca po Mszy \u015awi\u0119tej o godzinie 12:30 procesja eucharystyczna i adoracja do godziny 18:30 3. Jeszcze dzisiaj przed ko\u015bcio\u0142em tak, [&hellip;]<\/p>\n","protected":false},"author":1,"featured_media":14447,"comment_status":"closed","ping_status":"closed","sticky":false,"template":"","format":"standard","meta":{"footnotes":""},"categories":[2,14],"tags":[],"class_list":["post-17313","post","type-post","status-publish","format-standard","has-post-thumbnail","hentry","category-aktualnosci","category-ogloszenia-parafialne"],"_links":{"self":[{"href":"https:\/\/mbfatimska.ovh\/index.php\/wp-json\/wp\/v2\/posts\/17313","targetHints":{"allow":["GET"]}}],"collection":[{"href":"https:\/\/mbfatimska.ovh\/index.php\/wp-json\/wp\/v2\/posts"}],"about":[{"href":"https:\/\/mbfatimska.ovh\/index.php\/wp-json\/wp\/v2\/types\/post"}],"author":[{"embeddable":true,"href":"https:\/\/mbfatimska.ovh\/index.php\/wp-json\/wp\/v2\/users\/1"}],"replies":[{"embeddable":true,"href":"https:\/\/mbfatimska.ovh\/index.php\/wp-json\/wp\/v2\/comments?post=17313"}],"version-history":[{"count":0,"href":"https:\/\/mbfatimska.ovh\/index.php\/wp-json\/wp\/v2\/posts\/17313\/revisions"}],"wp:featuredmedia":[{"embeddable":true,"href":"https:\/\/mbfatimska.ovh\/index.php\/wp-json\/wp\/v2\/media\/14447"}],"wp:attachment":[{"href":"https:\/\/mbfatimska.ovh\/index.php\/wp-json\/wp\/v2\/media?parent=17313"}],"wp:term":[{"taxonomy":"category","embeddable":true,"href":"https:\/\/mbfatimska.ovh\/index.php\/wp-json\/wp\/v2\/categories?post=17313"},{"taxonomy":"post_tag","embeddable":true,"href":"https:\/\/mbfatimska.ovh\/index.php\/wp-json\/wp\/v2\/tags?post=17313"}],"curies":[{"name":"wp","href":"https:\/\/api.w.org\/{rel}","templated":true}]}}