{"id":17861,"date":"2022-07-24T06:57:43","date_gmt":"2022-07-24T04:57:43","guid":{"rendered":"https:\/\/www.mbfatimska.pl\/?p=17861"},"modified":"2022-07-24T06:57:43","modified_gmt":"2022-07-24T04:57:43","slug":"xvii-niedziela-zwykla","status":"publish","type":"post","link":"https:\/\/mbfatimska.ovh\/index.php\/2022\/07\/24\/xvii-niedziela-zwykla\/","title":{"rendered":"XVII niedziela zwyk\u0142a"},"content":{"rendered":"<p>    1. W dniu dzisiejszym z racji jutrzejszego wspomnienia \u015bw. Krzysztofa, po ka\u017cdej Mszy \u015bwi\u0119tej obrz\u0119d po\u015bwi\u0119cenia pojazd\u00f3w mechanicznych. R\u00f3wnie\u017c jutro, w poniedzia\u0142ek, po Mszy \u015bwi\u0119tej o godz. 18.00 i 19.00 b\u0119dzie mo\u017cna uczestniczy\u0107 w po\u015bwi\u0119ceniu swoich pojazd\u00f3w. Obrz\u0119d b\u0119dzie si\u0119 odbywa\u0107 na g\u00f3rnym parkingu. Wje\u017cd\u017camy od ul. Zegrzy\u0144skiej a po po\u015bwi\u0119ceniu zje\u017cd\u017camy do ul. Obro\u0144c\u00f3w Lwowa.<br \/>\n    2. W dniu jutrzejszym w liturgii wspominamy \u015bw. Jakuba i \u015bw. Krzysztofa. \u015aw. Krzysztof jest patronem wszystkich kierowc\u00f3w i podr\u00f3\u017cuj\u0105cych, a \u015bw. Jakub patronem pielgrzym\u00f3w. Tego dnia pami\u0119tajmy w modlitwach o Ks. Krzysztofie Go\u0142asiu, pierwszym proboszczu naszej parafii.<br \/>\n    3. We wtorek wspomina\u0107 b\u0119dziemy \u015bwi\u0119tych Joachima i Ann\u0119, rodzic\u00f3w Naj\u015bwi\u0119tszej Maryi Panny. Pami\u0119tajmy tego dnia o naszych seniorach, o naszych babciach i dziadkach.<br \/>\n    4. W pi\u0105tek o godz. 19.00 zostanie odprawiona Msza \u015bwi\u0119ta wypominkowa za naszych bliskich zmar\u0142ych.<br \/>\n    5. Przypominamy, \u017ce w okresie wakacji spowied\u017a w dni powszednie 15 min przed Msz\u0105 \u015bwi\u0119t\u0105. W niedziel\u0119 do po\u0142udnia podczas ka\u017cdej Mszy \u015bwi\u0119tej, a popo\u0142udniu 30 minut przed rozpocz\u0119ciem Mszy \u015bwi\u0119tej.<br \/>\n    6. W wakacje w ka\u017cdy wtorek mo\u017cliwo\u015b\u0107 adoracji Naj\u015bwi\u0119tszego Sakramentu od godz. 19.30 do 21.00.<br \/>\n    7. Ju\u017c kilka dni dzieli nas od miesi\u0105ca sierpnia, czasu licznych pielgrzymek na Jasn\u0105 G\u00f3r\u0119. W gablocie umieszczone s\u0105 plakaty z propozycj\u0105 skorzystania z pielgrzymek.<br \/>\n    8. Dzi\u0119kujemy za prace porz\u0105dkowe wykonywane w tym tygodniu na terenie ko\u015bcielnym. Dzi\u0119kujemy za prac\u0119, po\u015bwi\u0119cony czas a nade wszystko za ch\u0119\u0107 dba\u0142o\u015bci o estetyk\u0119 naszego terenu.<\/p>\n","protected":false},"excerpt":{"rendered":"<p>1. W dniu dzisiejszym z racji jutrzejszego wspomnienia \u015bw. Krzysztofa, po ka\u017cdej Mszy \u015bwi\u0119tej obrz\u0119d po\u015bwi\u0119cenia pojazd\u00f3w mechanicznych. R\u00f3wnie\u017c jutro, w poniedzia\u0142ek, po Mszy \u015bwi\u0119tej o godz. 18.00 i 19.00 b\u0119dzie mo\u017cna uczestniczy\u0107 w po\u015bwi\u0119ceniu swoich pojazd\u00f3w. Obrz\u0119d b\u0119dzie si\u0119 odbywa\u0107 na g\u00f3rnym parkingu. Wje\u017cd\u017camy od ul. Zegrzy\u0144skiej a po po\u015bwi\u0119ceniu zje\u017cd\u017camy do ul. Obro\u0144c\u00f3w [&hellip;]<\/p>\n","protected":false},"author":1,"featured_media":30657,"comment_status":"closed","ping_status":"closed","sticky":false,"template":"","format":"standard","meta":{"footnotes":""},"categories":[2,14],"tags":[],"class_list":["post-17861","post","type-post","status-publish","format-standard","has-post-thumbnail","hentry","category-aktualnosci","category-ogloszenia-parafialne"],"_links":{"self":[{"href":"https:\/\/mbfatimska.ovh\/index.php\/wp-json\/wp\/v2\/posts\/17861","targetHints":{"allow":["GET"]}}],"collection":[{"href":"https:\/\/mbfatimska.ovh\/index.php\/wp-json\/wp\/v2\/posts"}],"about":[{"href":"https:\/\/mbfatimska.ovh\/index.php\/wp-json\/wp\/v2\/types\/post"}],"author":[{"embeddable":true,"href":"https:\/\/mbfatimska.ovh\/index.php\/wp-json\/wp\/v2\/users\/1"}],"replies":[{"embeddable":true,"href":"https:\/\/mbfatimska.ovh\/index.php\/wp-json\/wp\/v2\/comments?post=17861"}],"version-history":[{"count":0,"href":"https:\/\/mbfatimska.ovh\/index.php\/wp-json\/wp\/v2\/posts\/17861\/revisions"}],"wp:featuredmedia":[{"embeddable":true,"href":"https:\/\/mbfatimska.ovh\/index.php\/wp-json\/wp\/v2\/media\/30657"}],"wp:attachment":[{"href":"https:\/\/mbfatimska.ovh\/index.php\/wp-json\/wp\/v2\/media?parent=17861"}],"wp:term":[{"taxonomy":"category","embeddable":true,"href":"https:\/\/mbfatimska.ovh\/index.php\/wp-json\/wp\/v2\/categories?post=17861"},{"taxonomy":"post_tag","embeddable":true,"href":"https:\/\/mbfatimska.ovh\/index.php\/wp-json\/wp\/v2\/tags?post=17861"}],"curies":[{"name":"wp","href":"https:\/\/api.w.org\/{rel}","templated":true}]}}