{"id":17967,"date":"2022-09-03T14:32:32","date_gmt":"2022-09-03T12:32:32","guid":{"rendered":"http:\/\/www.mbfatimska.pl\/?p=17967"},"modified":"2022-09-03T14:32:32","modified_gmt":"2022-09-03T12:32:32","slug":"serdecznie-zapraszamy","status":"publish","type":"post","link":"https:\/\/mbfatimska.ovh\/index.php\/2022\/09\/03\/serdecznie-zapraszamy\/","title":{"rendered":"Katolicka Wsp\u00f3lnota Odnowy w Duchu \u015awi\u0119tym zaprasza"},"content":{"rendered":"<p>Katolicka Wsp\u00f3lnota Odnowy w Duchu \u015awi\u0119tym zaprasza na spotkania modlitewne w ka\u017cdy poniedzia\u0142ek po wieczornej Mszy \u015awi\u0119tej.<a href=\"http:\/\/www.mbfatimska.pl\/wp-content\/uploads\/2022\/09\/no4uyqtm.bmp\"><img fetchpriority=\"high\" decoding=\"async\" class=\"alignnone size-full wp-image-17968\" src=\"http:\/\/www.mbfatimska.pl\/wp-content\/uploads\/2022\/09\/no4uyqtm.bmp\" alt=\"\" width=\"750\" height=\"1049\" \/><\/a><\/p>\n","protected":false},"excerpt":{"rendered":"<p>Katolicka Wsp\u00f3lnota Odnowy w Duchu \u015awi\u0119tym zaprasza na spotkania modlitewne w ka\u017cdy poniedzia\u0142ek po wieczornej Mszy \u015awi\u0119tej.<\/p>\n","protected":false},"author":1,"featured_media":14395,"comment_status":"closed","ping_status":"closed","sticky":false,"template":"","format":"standard","meta":{"footnotes":""},"categories":[2,13],"tags":[],"class_list":["post-17967","post","type-post","status-publish","format-standard","has-post-thumbnail","hentry","category-aktualnosci","category-odnowa-w-duchu-swietym"],"_links":{"self":[{"href":"https:\/\/mbfatimska.ovh\/index.php\/wp-json\/wp\/v2\/posts\/17967","targetHints":{"allow":["GET"]}}],"collection":[{"href":"https:\/\/mbfatimska.ovh\/index.php\/wp-json\/wp\/v2\/posts"}],"about":[{"href":"https:\/\/mbfatimska.ovh\/index.php\/wp-json\/wp\/v2\/types\/post"}],"author":[{"embeddable":true,"href":"https:\/\/mbfatimska.ovh\/index.php\/wp-json\/wp\/v2\/users\/1"}],"replies":[{"embeddable":true,"href":"https:\/\/mbfatimska.ovh\/index.php\/wp-json\/wp\/v2\/comments?post=17967"}],"version-history":[{"count":0,"href":"https:\/\/mbfatimska.ovh\/index.php\/wp-json\/wp\/v2\/posts\/17967\/revisions"}],"wp:featuredmedia":[{"embeddable":true,"href":"https:\/\/mbfatimska.ovh\/index.php\/wp-json\/wp\/v2\/media\/14395"}],"wp:attachment":[{"href":"https:\/\/mbfatimska.ovh\/index.php\/wp-json\/wp\/v2\/media?parent=17967"}],"wp:term":[{"taxonomy":"category","embeddable":true,"href":"https:\/\/mbfatimska.ovh\/index.php\/wp-json\/wp\/v2\/categories?post=17967"},{"taxonomy":"post_tag","embeddable":true,"href":"https:\/\/mbfatimska.ovh\/index.php\/wp-json\/wp\/v2\/tags?post=17967"}],"curies":[{"name":"wp","href":"https:\/\/api.w.org\/{rel}","templated":true}]}}