{"id":17976,"date":"2022-09-10T21:12:05","date_gmt":"2022-09-10T19:12:05","guid":{"rendered":"https:\/\/www.mbfatimska.pl\/?p=17976"},"modified":"2022-09-10T21:12:05","modified_gmt":"2022-09-10T19:12:05","slug":"xxiv-niedziela-zwykla","status":"publish","type":"post","link":"https:\/\/mbfatimska.ovh\/index.php\/2022\/09\/10\/xxiv-niedziela-zwykla\/","title":{"rendered":"XXIV niedziela zwyk\u0142a"},"content":{"rendered":"<p>1.\tW dniu dzisiejszym odb\u0119d\u0105 si\u0119 nast\u0119puj\u0105ce spotkania:<br \/>\n&#8211; o godz. 16.45 w ko\u015bciele &#8211; zebranie dla rodzic\u00f3w scholi, bielanek, ministrant\u00f3w i lektor\u00f3w<br \/>\n&#8211; o godz. 17.45 w salce \u2013 spotkanie formacyjno-informacyjne dla m\u0142odzie\u017cy przed sakramentem bierzmowania, kt\u00f3ra w zesz\u0142ym roku rozpocz\u0119\u0142a cykl przygotowa\u0144 do sakramentu dojrza\u0142o\u015bci chrze\u015bcija\u0144skiej.<br \/>\n2.\t\u201eWa\u017cne jest to, by\u015bmy kszta\u0142towali serca w\u0142asne i bli\u017anich w oparciu o Ewangeli\u0119\u201d \u2013 pisz\u0105 biskupi w li\u015bcie pasterskim zapowiadaj\u0105cym XII Tydzie\u0144 Wychowania. Rozpoczyna si\u0119 on dzisiaj i potrwa do 17 wrze\u015bnia. Towarzyszy\u0107 mu b\u0119d\u0105 s\u0142owa: \u201eJa jestem drog\u0105, prawd\u0105 i \u017cyciem\u201d (J 14, 6).<br \/>\n3.\tWe wtorek w godz. 17.00-19.00 w budynku Centrum Pomocy Rodzinie b\u0119dzie nieodp\u0142atnie przyjmowa\u0142 prawnik.<br \/>\n4.\tWe wtorek  na godz. 17.00 zapraszamy m\u0142odzie\u017c z klas VIII i starszych, kt\u00f3rzy pragn\u0105 w naszej parafii rozpocz\u0105\u0107 przygotowanie do bierzmowania.<br \/>\n5.\tWe wtorek, 13 wrze\u015bnia zapraszamy na kolejne nabo\u017ce\u0144stwo fatimskie. O godz. 19.00 zostanie odprawiona Msza \u015bwi\u0119ta z okoliczno\u015bciowym kazaniem a po Mszy \u015bwi\u0119tej odb\u0119dzie si\u0119 procesja fatimska, w czasie kt\u00f3rej modli\u0107 si\u0119 b\u0119dziemy na r\u00f3\u017ca\u0144cu. Intencje do modlitwy r\u00f3\u017ca\u0144cowej mo\u017cna z\u0142o\u017cy\u0107 przed Msz\u0105 \u015bwi\u0119t\u0105.<br \/>\n6.\tZ racji na nabo\u017ce\u0144stwo fatimskie kancelaria parafialna b\u0119dzie nieczynna.<br \/>\n7.\tR\u00f3wnie\u017c 13 wrze\u015bnia o godz. 7.30 zostanie odprawiona Msza \u015bwi\u0119ta w intencji firm dzia\u0142aj\u0105cych na naszym legionowskim terenie, w intencji w\u0142a\u015bcicieli, pracownik\u00f3w i ich rodzin z pro\u015bb\u0105 o Bo\u017ce b\u0142ogos\u0142awie\u0144stwo za wstawiennictwem Matki Bo\u017cej Fatimskiej.<br \/>\n8.\tW \u015brod\u0119, 14 wrze\u015bnia, obchodzi\u0107 b\u0119dziemy \u015bwi\u0119to Podwy\u017cszenia Krzy\u017ca \u015awi\u0119tego. Msze \u015bwi\u0119te wed\u0142ug porz\u0105dku dnia powszedniego.<br \/>\n9.\tW przysz\u0142\u0105 niedziel\u0119 o godz. 10.25 dzieci z klas III, przygotowuj\u0105ce si\u0119 do uroczysto\u015bci I Komunii \u015bwi\u0119tej, b\u0119d\u0105 mie\u0107 swoje pierwsze spotkanie formacyjne. Obecno\u015b\u0107 obowi\u0105zkowa. Przypominamy, \u017ce uroczysto\u015b\u0107 I Komunii \u015bwi\u0119tej odb\u0119dzie si\u0119 w sobot\u0119, 20 maja 2023 roku.<br \/>\n10.\tR\u00f3wnie\u017c w przysz\u0142\u0105 niedziel\u0119 o godz. 17.00 w ko\u015bciele, m\u0142odzie\u017c przygotowuj\u0105ca si\u0119 do bierzmowania b\u0119dzie mia\u0142a zaliczenie ze znajomo\u015bci Dziej\u00f3w Apostolskich i Ewangelii wg. \u015bw. Marka.<br \/>\n11.\tZa tydzie\u0144, w niedziel\u0119, ofiary na tac\u0119 b\u0119d\u0105 przeznaczone na nasze seminarium duchowne diecezji warszawsko-praskiej.<br \/>\n12.\tZa tydzie\u0144, w niedziel\u0119, w Warszawie odb\u0119dzie si\u0119 Narodowy Marsz dla \u017bycia i Rodziny. Pocz\u0105tek o godz. 11.00 na Placu Zamkowym koncertem zespo\u0142u Arka Noego. Zako\u0144czenie o godz. 13.00 Msz\u0105 \u015bwi\u0119t\u0105 w ko\u015bciele \u015bw. Krzy\u017ca.<br \/>\n13.\tNa tablicy og\u0142osze\u0144 zamieszczonych jest wiele plakat\u00f3w zach\u0119caj\u0105cych nas do uczestniczenia w wielu wydarzeniach zwi\u0105zanych z \u017cyciem Ko\u015bcio\u0142a.<br \/>\n14.\tW dniach 21-22 wrze\u015bnia wsp\u00f3lnota dla Intronizacji Serca Pana Jezusa organizuje ca\u0142odobow\u0105 adoracj\u0119 Naj\u015bwi\u0119tszego Sakramentu. Rozpocz\u0119cie adoracji Msz\u0105 \u015bwi\u0119t\u0105 o godz. 19.00 w dniu 21 wrze\u015bnia. Zako\u0144czenie Msz\u0105 \u015bwi\u0119t\u0105 o godz. 18.00 dnia 22 wrze\u015bnia. Prosz\u0119 tak zaplanowa\u0107 sobie ten czas by wzi\u0105\u0107 udzia\u0142 w tej chwili skupienia, wyciszenia, adoracji.<br \/>\n15.\tOd tygodnia dzia\u0142aj\u0105 gabinety fizykoterapii. Mo\u017cna skorzysta\u0107 z pola magnetycznego, laseru, soluksu, biopr\u0105d\u00f3w, masa\u017cu leczniczego czy \u0107wicze\u0144 rehabilitacyjnych. Gabinety s\u0105 prowadzone przez wykwalifikowanych rehabilitant\u00f3w, kt\u00f3rzy r\u00f3wnie\u017c pracuj\u0105 w przychodniach legionowskich. Rehabilitacja na razie czynna jest w okrojonym czasie \u2013 w poniedzia\u0142ki, \u015brody i czwartki w godz. 16.00-18.00. W miar\u0119 potrzeby, dni i godziny otwarcia b\u0119d\u0105 poszerzane. Nie wymaga si\u0119 urz\u0119dowego skierowania od lekarza, ale wskazania przez lekarza jakie s\u0105 potrzebne pacjentowi zabiegi. Sprz\u0119t do zabieg\u00f3w jest nowy, atestowany, kadra kompetentna. Zach\u0119camy do zapoznania si\u0119 z ofert\u0105 naszych gabinet\u00f3w fizykoterapii.<br \/>\n16.\tDzi\u0119kujemy za pe\u0142ne po\u015bwi\u0119cenia prace porz\u0105dkowe w pi\u0105tek. W tym tygodniu zapraszamy we wtorek i sobot\u0119 do wsp\u00f3lnych prac upi\u0119kszaj\u0105cych nasz teren.<\/p>\n","protected":false},"excerpt":{"rendered":"<p>1. W dniu dzisiejszym odb\u0119d\u0105 si\u0119 nast\u0119puj\u0105ce spotkania: &#8211; o godz. 16.45 w ko\u015bciele &#8211; zebranie dla rodzic\u00f3w scholi, bielanek, ministrant\u00f3w i lektor\u00f3w &#8211; o godz. 17.45 w salce \u2013 spotkanie formacyjno-informacyjne dla m\u0142odzie\u017cy przed sakramentem bierzmowania, kt\u00f3ra w zesz\u0142ym roku rozpocz\u0119\u0142a cykl przygotowa\u0144 do sakramentu dojrza\u0142o\u015bci chrze\u015bcija\u0144skiej. 2. \u201eWa\u017cne jest to, by\u015bmy kszta\u0142towali serca [&hellip;]<\/p>\n","protected":false},"author":1,"featured_media":30657,"comment_status":"closed","ping_status":"closed","sticky":false,"template":"","format":"standard","meta":{"footnotes":""},"categories":[2,14],"tags":[],"class_list":["post-17976","post","type-post","status-publish","format-standard","has-post-thumbnail","hentry","category-aktualnosci","category-ogloszenia-parafialne"],"_links":{"self":[{"href":"https:\/\/mbfatimska.ovh\/index.php\/wp-json\/wp\/v2\/posts\/17976","targetHints":{"allow":["GET"]}}],"collection":[{"href":"https:\/\/mbfatimska.ovh\/index.php\/wp-json\/wp\/v2\/posts"}],"about":[{"href":"https:\/\/mbfatimska.ovh\/index.php\/wp-json\/wp\/v2\/types\/post"}],"author":[{"embeddable":true,"href":"https:\/\/mbfatimska.ovh\/index.php\/wp-json\/wp\/v2\/users\/1"}],"replies":[{"embeddable":true,"href":"https:\/\/mbfatimska.ovh\/index.php\/wp-json\/wp\/v2\/comments?post=17976"}],"version-history":[{"count":0,"href":"https:\/\/mbfatimska.ovh\/index.php\/wp-json\/wp\/v2\/posts\/17976\/revisions"}],"wp:featuredmedia":[{"embeddable":true,"href":"https:\/\/mbfatimska.ovh\/index.php\/wp-json\/wp\/v2\/media\/30657"}],"wp:attachment":[{"href":"https:\/\/mbfatimska.ovh\/index.php\/wp-json\/wp\/v2\/media?parent=17976"}],"wp:term":[{"taxonomy":"category","embeddable":true,"href":"https:\/\/mbfatimska.ovh\/index.php\/wp-json\/wp\/v2\/categories?post=17976"},{"taxonomy":"post_tag","embeddable":true,"href":"https:\/\/mbfatimska.ovh\/index.php\/wp-json\/wp\/v2\/tags?post=17976"}],"curies":[{"name":"wp","href":"https:\/\/api.w.org\/{rel}","templated":true}]}}