{"id":18189,"date":"2022-10-30T08:49:40","date_gmt":"2022-10-30T07:49:40","guid":{"rendered":"https:\/\/www.mbfatimska.pl\/?p=18189"},"modified":"2022-10-30T08:49:40","modified_gmt":"2022-10-30T07:49:40","slug":"xxxi-niedziela-zwykla","status":"publish","type":"post","link":"https:\/\/mbfatimska.ovh\/index.php\/2022\/10\/30\/xxxi-niedziela-zwykla\/","title":{"rendered":"XXXI niedziela zwyk\u0142a"},"content":{"rendered":"<p>1.\tW ubieg\u0142\u0105 niedziel\u0119 go\u015bcili\u015bmy Siostry Misjonarki \u015awi\u0119tej Rodziny w ramach \u201eNiedzieli misyjnej\u201d. Siostry bardzo serdecznie dzi\u0119kuj\u0105 wszystkim, kt\u00f3rzy wsparli ich dzia\u0142alno\u015b\u0107 misyjn\u0105. Dzi\u0119kujemy za przejaw wszelkiej \u017cyczliwo\u015bci, otwarto\u015bci i hojno\u015bci, kt\u00f3ra przekroczy\u0142a ich oczekiwanie. Bardzo wszystkim serdecznie dzi\u0119kuj\u0119.<br \/>\n2.\tJutro ostatnie nabo\u017ce\u0144stwo r\u00f3\u017ca\u0144cowe. Dzieci zapraszamy na godz. 16.30 a doros\u0142ych na godz. 18.30. Dzieci podsumowanie nabo\u017ce\u0144stwa r\u00f3\u017ca\u0144cowego wraz z wr\u0119czeniem nagr\u00f3d, b\u0119d\u0105 mie\u0107 w przysz\u0142a niedziel\u0119 po Mszy \u015bwi\u0119tej o godz. 11.00. Na spotkanie nale\u017cy przynie\u015b\u0107 wyklejank\u0119 z poszczeg\u00f3lnych nabo\u017ce\u0144stw.<br \/>\n3.\tWe wtorek Uroczysto\u015b\u0107 Wszystkich \u015awi\u0119tych. Msze \u015bwi\u0119te w ko\u015bciele b\u0119d\u0105 odprawiane o godz. 7.30, 9.00, 11.00, 12.30 \u2013 Msza \u015bwi\u0119ta cicha \u2013 \u017ca\u0142obna bez \u015bpiew\u00f3w i o godz. 18.00. O godz. 12.30 na cmentarzu w Legionowie b\u0119dzie sprawowana Msza \u015bwi\u0119ta za zmar\u0142ych z naszych parafii legionowskich, spoczywaj\u0105cych na cmentarzu.<br \/>\n4.\tMsza \u015bwi\u0119ta oktawalna za zmar\u0142ych b\u0119dzie odprawiana od 1 do 8 listopada o godz. 18.00, z wyj\u0105tkiem pi\u0105tku, gdzie ta Msza \u015bwi\u0119ta b\u0119dzie odprawiona o godz. 9.00.<br \/>\n5.\t2 listopada w Dniu zadusznym zapraszamy na Msz\u0119 \u015bwi\u0119t\u0105 o godz. 9.00, 17.00 i 18.00.<br \/>\n6.\tNabo\u017ce\u0144stwo za naszych zmar\u0142ych, gdzie b\u0119d\u0105 odczytywane wypominki jednorazowe, b\u0119dzie odprawiane 1 listopada o godz. 17.15, 2 listopada o godz. 8.30.<br \/>\n7.\t1 listopada i w niedziel\u0119 6 listopada wypominki oktawalne b\u0119d\u0105 wyczytywane o godz. 17.40, a p\u00f3\u017aniej b\u0119dzie odprawiona Msza \u015bwi\u0119ta w intencjach poleconych zmar\u0142ych.<br \/>\n8.\tWsp\u00f3lnota Odnowy w Duchu \u015awi\u0119tym zaprasza na wiecz\u00f3r uwielbienia z Maryj\u0105, kt\u00f3ry odb\u0119dzie si\u0119 w naszej \u015bwi\u0105tyni w czwartek 3 pa\u017adziernika o godz. 18.00. W ramach I czwartku miesi\u0105ca adoracja potrwa do godz. 21.00.<br \/>\n9.\tW okresie oktawy Wszystkich \u015awi\u0119tych mo\u017cna wylosowa\u0107 swojego patrona na kolejny rok liturgiczny. Wraz z patronem otrzymujemy roczn\u0105 intencj\u0119 do modlitwy oraz kr\u00f3tkie przes\u0142anie, kt\u00f3re najcz\u0119\u015bciej pochodzi z Dzienniczka \u015bw. Faustyny. Kartki znajduj\u0105 si\u0119 w pude\u0142ku na ko\u0144cu ko\u015bcio\u0142a.<br \/>\n10.\tW \u015brod\u0119 o godz. 19.00 w ko\u015bciele odb\u0119dzie si\u0119 katecheza przed sakramentem chrztu \u015bwi\u0119tego dziecka. Bior\u0105 w niej udzia\u0142 rodzice dziecka, rodzice chrzestni, b\u0105d\u017a kandydaci na chrzestnych mieszkaj\u0105cy w naszej parafii.<br \/>\n11.\tW pi\u0105tek o godz. 18.00 zostanie odprawiona Msza \u015bwi\u0119ta w intencji wd\u00f3w i sierot po funkcjonariuszach policji, kt\u00f3rzy zgin\u0119li wype\u0142niaj\u0105c swoje obowi\u0105zki s\u0142u\u017cbowe. Z ca\u0142ej Polski przyjedzie blisko 300 os\u00f3b by wzi\u0105\u0107 udzia\u0142 w tej szczeg\u00f3lnej Mszy \u015bwi\u0119tej. Opraw\u0119 Mszy \u015bwi\u0119tej zapewni ch\u00f3r Policji i orkiestra Policji. B\u0119d\u0105 zaproszeni go\u015bcie. Zapraszamy na t\u0119 wyj\u0105tkow\u0105 Msz\u0119 \u015bwi\u0119t\u0105.<br \/>\n12.\tW tym tygodniu przypada I pi\u0105tek miesi\u0105ca. Spowied\u017a od godz. 8.30 do godz. 9.30 i popo\u0142udniu ze wzgl\u0119du na uroczyst\u0105 Msz\u0119 \u015bwi\u0119t\u0105 o godz. 18.00 spowied\u017a b\u0119dzie od godz. 16.00 do godz. 18.00.<br \/>\n13.\tW sobot\u0119 I sobota miesi\u0105ca. Po Mszy \u015bwi\u0119tej o godz. 18.00 nabo\u017ce\u0144stwo wynagradzaj\u0105ce Niepokalanemu Sercu Naj\u015bwi\u0119tszej Maryi Panny, kt\u00f3re b\u0119dzie trwa\u0107 do godz. 20.00.<br \/>\n14.\tW przysz\u0142\u0105 niedziel\u0119 z racji I niedzieli miesi\u0105ca po Mszy \u015bwi\u0119tej o godz. 12.30 wystawienie Naj\u015bwi\u0119tszego Sakramentu i mo\u017cliwo\u015b\u0107 adoracji do godz. 17.40<br \/>\n15.\tR\u00f3wnie\u017c w przysz\u0142\u0105 niedziel\u0119 o godz. 16.15 w salce pod zakrysti\u0105 spotkanie dla m\u0142odzie\u017cy przed sakramentem bierzmowania.<br \/>\n16.\tJak widzieli\u015bmy i s\u0142yszeli\u015bmy go\u015bcimy dzisiaj zesp\u00f3\u0142 Zbrucz z Ukrainy z Tarnopola. Zesp\u00f3\u0142 zapewnia nam na ka\u017cdej Mszy \u015bwi\u0119tej opraw\u0119 muzyczn\u0105 a po Eucharystii da kr\u00f3tki koncert. Przed ko\u015bcio\u0142em mo\u017cemy wesprze\u0107 finansowo koleg\u00f3w i m\u0119\u017c\u00f3w naszych go\u015bci (bo to same kobiety) w walce z Rosj\u0105 o suwerenno\u015b\u0107 Ukrainy.<\/p>\n","protected":false},"excerpt":{"rendered":"<p>1. W ubieg\u0142\u0105 niedziel\u0119 go\u015bcili\u015bmy Siostry Misjonarki \u015awi\u0119tej Rodziny w ramach \u201eNiedzieli misyjnej\u201d. Siostry bardzo serdecznie dzi\u0119kuj\u0105 wszystkim, kt\u00f3rzy wsparli ich dzia\u0142alno\u015b\u0107 misyjn\u0105. Dzi\u0119kujemy za przejaw wszelkiej \u017cyczliwo\u015bci, otwarto\u015bci i hojno\u015bci, kt\u00f3ra przekroczy\u0142a ich oczekiwanie. Bardzo wszystkim serdecznie dzi\u0119kuj\u0119. 2. Jutro ostatnie nabo\u017ce\u0144stwo r\u00f3\u017ca\u0144cowe. Dzieci zapraszamy na godz. 16.30 a doros\u0142ych na godz. 18.30. Dzieci [&hellip;]<\/p>\n","protected":false},"author":1,"featured_media":30657,"comment_status":"closed","ping_status":"closed","sticky":false,"template":"","format":"standard","meta":{"footnotes":""},"categories":[2,14],"tags":[],"class_list":["post-18189","post","type-post","status-publish","format-standard","has-post-thumbnail","hentry","category-aktualnosci","category-ogloszenia-parafialne"],"_links":{"self":[{"href":"https:\/\/mbfatimska.ovh\/index.php\/wp-json\/wp\/v2\/posts\/18189","targetHints":{"allow":["GET"]}}],"collection":[{"href":"https:\/\/mbfatimska.ovh\/index.php\/wp-json\/wp\/v2\/posts"}],"about":[{"href":"https:\/\/mbfatimska.ovh\/index.php\/wp-json\/wp\/v2\/types\/post"}],"author":[{"embeddable":true,"href":"https:\/\/mbfatimska.ovh\/index.php\/wp-json\/wp\/v2\/users\/1"}],"replies":[{"embeddable":true,"href":"https:\/\/mbfatimska.ovh\/index.php\/wp-json\/wp\/v2\/comments?post=18189"}],"version-history":[{"count":0,"href":"https:\/\/mbfatimska.ovh\/index.php\/wp-json\/wp\/v2\/posts\/18189\/revisions"}],"wp:featuredmedia":[{"embeddable":true,"href":"https:\/\/mbfatimska.ovh\/index.php\/wp-json\/wp\/v2\/media\/30657"}],"wp:attachment":[{"href":"https:\/\/mbfatimska.ovh\/index.php\/wp-json\/wp\/v2\/media?parent=18189"}],"wp:term":[{"taxonomy":"category","embeddable":true,"href":"https:\/\/mbfatimska.ovh\/index.php\/wp-json\/wp\/v2\/categories?post=18189"},{"taxonomy":"post_tag","embeddable":true,"href":"https:\/\/mbfatimska.ovh\/index.php\/wp-json\/wp\/v2\/tags?post=18189"}],"curies":[{"name":"wp","href":"https:\/\/api.w.org\/{rel}","templated":true}]}}