{"id":18195,"date":"2022-11-12T19:48:33","date_gmt":"2022-11-12T18:48:33","guid":{"rendered":"https:\/\/www.mbfatimska.pl\/?p=18195"},"modified":"2022-11-12T19:48:33","modified_gmt":"2022-11-12T18:48:33","slug":"xxxiii-niedziela-zwykla","status":"publish","type":"post","link":"https:\/\/mbfatimska.ovh\/index.php\/2022\/11\/12\/xxxiii-niedziela-zwykla\/","title":{"rendered":"XXXIII niedziela zwyk\u0142a"},"content":{"rendered":"<p>1. W dniu dzisiejszym go\u015bcimy O. Benoit Kombonianina, kt\u00f3ry przez ca\u0142\u0105 niedziel\u0119 g\u0142osi S\u0142owo Bo\u017ce, a po zako\u0144czeniu Eucharystii przed ko\u015bcio\u0142em zaproponuje nam kalendarze misyjne na nowy rok, wydane przez Zgromadzenie O. Kombonian\u00f3w. Na Mszy \u015bwi\u0119tej o godz. 9.00 i 11.00 b\u0119dzie \u015bpiewa\u0142 zesp\u00f3\u0142 afryka\u0144ski, gdzie b\u0119dziemy mogli us\u0142ysze\u0107 tradycyjne pie\u015bni religijne z Czarnego L\u0105du.<br \/>\n2. W dniu dzisiejszym obchodzimy XIV Dzie\u0144 Solidarno\u015bci z Ko\u015bcio\u0142em Prze\u015bladowanym. W tym roku pomoc duchowa i materialna zostanie skierowana do mieszka\u0144c\u00f3w ogarni\u0119tej wojn\u0105 Ukrainy. Ofiary na ten cel mo\u017cna sk\u0142ada\u0107 do oznaczonej du\u017cej skarbony za \u0142awkami przy wyj\u015bciu z ko\u015bcio\u0142a.<br \/>\n3. W poniedzia\u0142ek o godz. 19.00 w ko\u015bciele spotkanie formacyjno-informacyjne dla rodzic\u00f3w dzieci klas III szko\u0142y podstawowej przed I Komuni\u0105 \u015bwi\u0119t\u0105.<br \/>\n4. W przysz\u0142\u0105 niedziel\u0119 o godz. 10.25 katecheza dla dzieci klas IV szko\u0142y podstawowej przed rocznic\u0105 I Komunii \u015bwi\u0119tej.<br \/>\n5. Za tydzie\u0144 obchodzi\u0107 b\u0119dziemy Uroczysto\u015b\u0107 Chrystusa Kr\u00f3la Wszech\u015bwiata, kt\u00f3ra jest ostatni\u0105 niedziel\u0105 roku liturgicznego. Ju\u017c za dwa tygodnie b\u0119dzie I niedziela Adwentu. Po Mszy \u015bwi\u0119tej o godz. 12.30 nast\u0105pi wystawienie Naj\u015bwi\u0119tszego Sakramentu i nabo\u017ce\u0144stwo do Jezusa Kr\u00f3la Wszech\u015bwiata.<br \/>\n6. Urz\u0105d Miasta Legionowo serdecznie zaprasza do czynnego udzia\u0142u w Legionowskim Dniu Walki z Cukrzyc\u0105. Wydarzenie to odb\u0119dzie si\u0119 14 listopada w ratuszu. W jego ramach odbywa\u0107 si\u0119 b\u0119d\u0105 debaty, wyk\u0142ady oraz zaj\u0119cia maj\u0105ce na celu poszerzenie wiedzy na temat tej choroby i skutecznych sposob\u00f3w walki z ni\u0105. Zaplanowano tak\u017ce m.in. EKOkiermasz i mo\u017cliwo\u015b\u0107 zbadania poziomu cukru we krwi. Szczeg\u00f3\u0142y znajduj\u0105 si\u0119 na stronie www.legionowo.pl.<br \/>\n7. W tym tygodniu w kalendarzu liturgicznym wspominamy:<br \/>\n&#8211; w \u015brod\u0119 wspomnienie Naj\u015bwi\u0119tszej Maryi Panny Ostrobramskiej \u2013 Matki Mi\u0142osierdzia<br \/>\n&#8211; w czwartek wspomnienie \u015bw. El\u017cbiety W\u0119gierskiej<br \/>\n&#8211; w pi\u0105tek wspomnienie b\u0142. Karoliny K\u00f3zk\u00f3wny, dziewicy i m\u0119czennicy<br \/>\n8. Harcerze zapraszaj\u0105 nas jak co niedziela do kawiarenki na pyszne ciastko, gofry, herbat\u0119 i kaw\u0119.<br \/>\n9. W przysz\u0142\u0105 niedziel\u0119 ofiary sk\u0142adane na tac\u0119 b\u0119d\u0105 przeznaczone na nasze seminarium duchowne.<\/p>\n<p>10. Jutro, 14 listopada o godz. 7.30 zostanie odprawiona Msza \u015bwi\u0119ta w intencji firm dzia\u0142aj\u0105cych na naszym legionowskim terenie, w intencji w\u0142a\u015bcicieli, pracownik\u00f3w i ich rodzin z pro\u015bb\u0105 o Bo\u017ce b\u0142ogos\u0142awie\u0144stwo za wstawiennictwem Matki Bo\u017cej Fatimskiej.<\/p>\n<p>11. W sobot\u0119 19 wrze\u015bnia zapraszamy na kolejne nabo\u017ce\u0144stwo do \u015bw. J\u00f3zefa, patrona ma\u0142\u017ce\u0144stw i rodzin. O godz. 18.00 zostanie odprawiona Msza \u015bwi\u0119ta z okoliczno\u015bciowym kazaniem, a po Mszy \u015bwi\u0119tej modlitwy do \u015bw. J\u00f3zefa. Intencje mo\u017cna z\u0142o\u017cy\u0107 pod o\u0142tarzem przed Msz\u0105 \u015bwi\u0119t\u0105.<\/p>\n","protected":false},"excerpt":{"rendered":"<p>1. W dniu dzisiejszym go\u015bcimy O. Benoit Kombonianina, kt\u00f3ry przez ca\u0142\u0105 niedziel\u0119 g\u0142osi S\u0142owo Bo\u017ce, a po zako\u0144czeniu Eucharystii przed ko\u015bcio\u0142em zaproponuje nam kalendarze misyjne na nowy rok, wydane przez Zgromadzenie O. Kombonian\u00f3w. Na Mszy \u015bwi\u0119tej o godz. 9.00 i 11.00 b\u0119dzie \u015bpiewa\u0142 zesp\u00f3\u0142 afryka\u0144ski, gdzie b\u0119dziemy mogli us\u0142ysze\u0107 tradycyjne pie\u015bni religijne z Czarnego L\u0105du. [&hellip;]<\/p>\n","protected":false},"author":1,"featured_media":30657,"comment_status":"closed","ping_status":"closed","sticky":false,"template":"","format":"standard","meta":{"footnotes":""},"categories":[2,14],"tags":[],"class_list":["post-18195","post","type-post","status-publish","format-standard","has-post-thumbnail","hentry","category-aktualnosci","category-ogloszenia-parafialne"],"_links":{"self":[{"href":"https:\/\/mbfatimska.ovh\/index.php\/wp-json\/wp\/v2\/posts\/18195","targetHints":{"allow":["GET"]}}],"collection":[{"href":"https:\/\/mbfatimska.ovh\/index.php\/wp-json\/wp\/v2\/posts"}],"about":[{"href":"https:\/\/mbfatimska.ovh\/index.php\/wp-json\/wp\/v2\/types\/post"}],"author":[{"embeddable":true,"href":"https:\/\/mbfatimska.ovh\/index.php\/wp-json\/wp\/v2\/users\/1"}],"replies":[{"embeddable":true,"href":"https:\/\/mbfatimska.ovh\/index.php\/wp-json\/wp\/v2\/comments?post=18195"}],"version-history":[{"count":0,"href":"https:\/\/mbfatimska.ovh\/index.php\/wp-json\/wp\/v2\/posts\/18195\/revisions"}],"wp:featuredmedia":[{"embeddable":true,"href":"https:\/\/mbfatimska.ovh\/index.php\/wp-json\/wp\/v2\/media\/30657"}],"wp:attachment":[{"href":"https:\/\/mbfatimska.ovh\/index.php\/wp-json\/wp\/v2\/media?parent=18195"}],"wp:term":[{"taxonomy":"category","embeddable":true,"href":"https:\/\/mbfatimska.ovh\/index.php\/wp-json\/wp\/v2\/categories?post=18195"},{"taxonomy":"post_tag","embeddable":true,"href":"https:\/\/mbfatimska.ovh\/index.php\/wp-json\/wp\/v2\/tags?post=18195"}],"curies":[{"name":"wp","href":"https:\/\/api.w.org\/{rel}","templated":true}]}}