{"id":18202,"date":"2022-11-12T20:16:39","date_gmt":"2022-11-12T19:16:39","guid":{"rendered":"https:\/\/www.mbfatimska.pl\/?p=18202"},"modified":"2022-11-12T20:16:39","modified_gmt":"2022-11-12T19:16:39","slug":"poznaj-katolicka-odnowe-w-duchu-swietym-2","status":"publish","type":"post","link":"https:\/\/mbfatimska.ovh\/index.php\/2022\/11\/12\/poznaj-katolicka-odnowe-w-duchu-swietym-2\/","title":{"rendered":"Poznaj Katolick\u0105 Odnow\u0119 w Duchu \u015awi\u0119tym"},"content":{"rendered":"<p><strong><em>\u00a0<\/em><\/strong><\/p>\n<p><strong><em>\u00a0<\/em><\/strong><\/p>\n<p><em>Odnowa w Duchu \u015awi\u0119tym jest jednym z ruch\u00f3w, kt\u00f3ry powsta\u0142 niemal r\u00f3wnolegle z obradami Soboru Watyka\u0144skiego II. W Ko\u015bciele katolickim Odnowa w Duchu \u015awi\u0119tym narodzi\u0142a si\u0119 w latach 60. dwudziestego stulecia, a do Polski trafi\u0142a w roku 1975r. Jego cz\u0142onkowie stale nawracaj\u0105 si\u0119 do Jezusa, otwieraj\u0105c si\u0119 na Ducha \u015awi\u0119tego \u2013 Trzeci\u0105 Osob\u0119 Tr\u00f3jcy \u015awi\u0119tej, Pana i O\u017cywiciela, kt\u00f3ry tchnie \u017cycie w Ko\u015bci\u00f3\u0142 i jest \u017ar\u00f3d\u0142em jego odnowy. Przyjmuj\u0105 dary Ducha \u015awi\u0119tego i s\u0142u\u017c\u0105 nimi swoim wsp\u00f3lnotom i ca\u0142emu Ko\u015bcio\u0142owi.<\/em><\/p>\n<p>&nbsp;<\/p>\n<p><strong><em>\ud83d\ude0a<\/em><\/strong><strong><em> \u2026.troch\u0119 historii, bo wszystko ma sw\u00f3j pocz\u0105tek\u2026<br \/>\n<\/em><\/strong><u>Konferencja z 2017r. autorstwa ks. Andrzeja Grefkowicza:<\/u><\/p>\n<p><a href=\"http:\/\/warszawa.odnowa.org\/2017\/02\/26\/historia-odnowy-w-duchu-sw-konferencja-ks-andrzeja-grefkowicza\/\"><em>http:\/\/warszawa.odnowa.org\/2017\/02\/26\/historia-odnowy-w-duchu-sw-konferencja-ks-andrzeja-grefkowicza\/<\/em><\/a><\/p>\n<p><em>\u00a0<\/em><\/p>\n<p><strong><em>\ud83d\ude0a<\/em><\/strong><strong><em> strony internetowe zwi\u0105zane z Katolick\u0105 Odnow\u0105 w Duchu \u015awi\u0119tym:<\/em><\/strong><\/p>\n<p><strong><em>\u00a0<\/em><\/strong><\/p>\n<p>strona Odnowy w Duchu \u015awi\u0119tym Diecezji Warszawsko-Praskiej:<\/p>\n<p>&nbsp;<\/p>\n<p><a href=\"http:\/\/odnowa.diecezja.waw.pl\/\">http:\/\/odnowa.diecezja.waw.pl\/<\/a><\/p>\n<p>&nbsp;<\/p>\n<p>strona Odnowy w Duchu \u015awi\u0119tym w Polsce:<\/p>\n<p>&nbsp;<\/p>\n<p><a href=\"https:\/\/odnowa.org\/\">https:\/\/odnowa.org\/<\/a><\/p>\n","protected":false},"excerpt":{"rendered":"<p>\u00a0 \u00a0 Odnowa w Duchu \u015awi\u0119tym jest jednym z ruch\u00f3w, kt\u00f3ry powsta\u0142 niemal r\u00f3wnolegle z obradami Soboru Watyka\u0144skiego II. W Ko\u015bciele katolickim Odnowa w Duchu \u015awi\u0119tym narodzi\u0142a si\u0119 w latach 60. dwudziestego stulecia, a do Polski trafi\u0142a w roku 1975r. Jego cz\u0142onkowie stale nawracaj\u0105 si\u0119 do Jezusa, otwieraj\u0105c si\u0119 na Ducha \u015awi\u0119tego \u2013 Trzeci\u0105 Osob\u0119 [&hellip;]<\/p>\n","protected":false},"author":1,"featured_media":30657,"comment_status":"closed","ping_status":"closed","sticky":false,"template":"","format":"standard","meta":{"footnotes":""},"categories":[13],"tags":[],"class_list":["post-18202","post","type-post","status-publish","format-standard","has-post-thumbnail","hentry","category-odnowa-w-duchu-swietym"],"_links":{"self":[{"href":"https:\/\/mbfatimska.ovh\/index.php\/wp-json\/wp\/v2\/posts\/18202","targetHints":{"allow":["GET"]}}],"collection":[{"href":"https:\/\/mbfatimska.ovh\/index.php\/wp-json\/wp\/v2\/posts"}],"about":[{"href":"https:\/\/mbfatimska.ovh\/index.php\/wp-json\/wp\/v2\/types\/post"}],"author":[{"embeddable":true,"href":"https:\/\/mbfatimska.ovh\/index.php\/wp-json\/wp\/v2\/users\/1"}],"replies":[{"embeddable":true,"href":"https:\/\/mbfatimska.ovh\/index.php\/wp-json\/wp\/v2\/comments?post=18202"}],"version-history":[{"count":0,"href":"https:\/\/mbfatimska.ovh\/index.php\/wp-json\/wp\/v2\/posts\/18202\/revisions"}],"wp:featuredmedia":[{"embeddable":true,"href":"https:\/\/mbfatimska.ovh\/index.php\/wp-json\/wp\/v2\/media\/30657"}],"wp:attachment":[{"href":"https:\/\/mbfatimska.ovh\/index.php\/wp-json\/wp\/v2\/media?parent=18202"}],"wp:term":[{"taxonomy":"category","embeddable":true,"href":"https:\/\/mbfatimska.ovh\/index.php\/wp-json\/wp\/v2\/categories?post=18202"},{"taxonomy":"post_tag","embeddable":true,"href":"https:\/\/mbfatimska.ovh\/index.php\/wp-json\/wp\/v2\/tags?post=18202"}],"curies":[{"name":"wp","href":"https:\/\/api.w.org\/{rel}","templated":true}]}}