{"id":18242,"date":"2022-11-15T14:36:52","date_gmt":"2022-11-15T13:36:52","guid":{"rendered":"https:\/\/www.mbfatimska.pl\/?p=18242"},"modified":"2022-11-15T14:36:52","modified_gmt":"2022-11-15T13:36:52","slug":"uroczysta-msza-swieta-z-okazji-jubileuszu-25-lecia-fundacji-wdow-i-sierot-po-poleglych-policjantach","status":"publish","type":"post","link":"https:\/\/mbfatimska.ovh\/index.php\/2022\/11\/15\/uroczysta-msza-swieta-z-okazji-jubileuszu-25-lecia-fundacji-wdow-i-sierot-po-poleglych-policjantach\/","title":{"rendered":"Uroczysta msza \u015bwi\u0119ta z okazji jubileuszu 25-lecia Fundacji Wd\u00f3w i Sierot po Poleg\u0142ych Policjantach"},"content":{"rendered":"<p>4 listopada 2022 roku podczas Mszy \u015bwi\u0119tej o godzinie 18:00 go\u015bcili\u015bmy wdowy i sieroty po funkcjonariuszach Policji poleg\u0142ych w czasie pe\u0142nienia s\u0142u\u017cby. We mszy uczestniczy\u0142o og\u00f3\u0142em ponad 300 os\u00f3b w tym wdowy i sieroty po poleg\u0142ych policjantach, Komendant G\u0142\u00f3wny Policji gen. insp. Jaros\u0142aw Szymczyk oraz komendanci wojew\u00f3dzcy a tak\u017ce kierownictwo Fundacji Wd\u00f3w i Sierot po Poleg\u0142ych Policjantach, kt\u00f3ra w tym roku obchodzi jubileusz 25 lecia dzia\u0142alno\u015bci. Uroczyst\u0105 msze \u015bwi\u0119t\u0105 celebrowali: proboszcz naszej parafii ksi\u0105dz pra\u0142at Tomasz Chcia\u0142owski, ksi\u0105dz Wojciech Juszczuk \u2013 kapelan Komendy G\u0142\u00f3wnej Policji, ksi\u0105dz Micha\u0142 Gaszczy\u0144ski \u2013 kapelan KPP w Przasnyszu, ksi\u0105dz Jacek Kuziel \u2013 kapelan KSP w Warszawie, ksi\u0105dz Adam Wycisk \u2013 kapelan KWP w Katowicach, oraz ksi\u0105dz Bogdan Sk\u00f3ra z parafii \u015bw. Katarzyny Dziewicy i M\u0119czennicy w Witoni a tak\u017ce ksi\u0105dz Arnold Liebig \u2013 przeor Klasztoru Franciszkan\u00f3w w Otwocku. Podczas homilii ksi\u0105dz Tomasz powiedzia\u0142 mi\u0119dzy innymi, \u017ce polegli funkcjonariusze Policji &#8222;byli bohaterami a teraz s\u0105 cichymi anio\u0142ami&#8221;. Po mszy \u015bwi\u0119tej nast\u0105pi\u0142a uroczysto\u015b\u0107 zapalenia zniczy przez wdowy i sieroty po poleg\u0142ych Policjantach. Nast\u0119pnie odczytano nazwiska 289 poleg\u0142ych funkcjonariuszy. Wi\u0119cej na stronie <a href=\"https:\/\/isp.policja.pl\/isp\/aktualnosci\/17081,Jubileusz-25-lecia-Fundacji-Pomocy-Wdowom-i-Sierotom-po-Poleglych-Policjantach.html\" target=\"_blank\" rel=\"noopener\">isp.policja.pl<\/a>\u00a0 \u00a0<a href=\"https:\/\/www.mbfatimska.pl\/18219-2\/\" target=\"_blank\" rel=\"noopener\">Zdj\u0119cia dzi\u0119ki uprzejmo\u015bci www.isp.policja.pl<\/a><\/p>\n","protected":false},"excerpt":{"rendered":"<p>4 listopada 2022 roku podczas Mszy \u015bwi\u0119tej o godzinie 18:00 go\u015bcili\u015bmy wdowy i sieroty po funkcjonariuszach Policji poleg\u0142ych w czasie pe\u0142nienia s\u0142u\u017cby. We mszy uczestniczy\u0142o og\u00f3\u0142em ponad 300 os\u00f3b w tym wdowy i sieroty po poleg\u0142ych policjantach, Komendant G\u0142\u00f3wny Policji gen. insp. Jaros\u0142aw Szymczyk oraz komendanci wojew\u00f3dzcy a tak\u017ce kierownictwo Fundacji Wd\u00f3w i Sierot po [&hellip;]<\/p>\n","protected":false},"author":1,"featured_media":18231,"comment_status":"closed","ping_status":"closed","sticky":false,"template":"","format":"standard","meta":{"footnotes":""},"categories":[2],"tags":[],"class_list":["post-18242","post","type-post","status-publish","format-standard","has-post-thumbnail","hentry","category-aktualnosci"],"_links":{"self":[{"href":"https:\/\/mbfatimska.ovh\/index.php\/wp-json\/wp\/v2\/posts\/18242","targetHints":{"allow":["GET"]}}],"collection":[{"href":"https:\/\/mbfatimska.ovh\/index.php\/wp-json\/wp\/v2\/posts"}],"about":[{"href":"https:\/\/mbfatimska.ovh\/index.php\/wp-json\/wp\/v2\/types\/post"}],"author":[{"embeddable":true,"href":"https:\/\/mbfatimska.ovh\/index.php\/wp-json\/wp\/v2\/users\/1"}],"replies":[{"embeddable":true,"href":"https:\/\/mbfatimska.ovh\/index.php\/wp-json\/wp\/v2\/comments?post=18242"}],"version-history":[{"count":0,"href":"https:\/\/mbfatimska.ovh\/index.php\/wp-json\/wp\/v2\/posts\/18242\/revisions"}],"wp:featuredmedia":[{"embeddable":true,"href":"https:\/\/mbfatimska.ovh\/index.php\/wp-json\/wp\/v2\/media\/18231"}],"wp:attachment":[{"href":"https:\/\/mbfatimska.ovh\/index.php\/wp-json\/wp\/v2\/media?parent=18242"}],"wp:term":[{"taxonomy":"category","embeddable":true,"href":"https:\/\/mbfatimska.ovh\/index.php\/wp-json\/wp\/v2\/categories?post=18242"},{"taxonomy":"post_tag","embeddable":true,"href":"https:\/\/mbfatimska.ovh\/index.php\/wp-json\/wp\/v2\/tags?post=18242"}],"curies":[{"name":"wp","href":"https:\/\/api.w.org\/{rel}","templated":true}]}}