{"id":18245,"date":"2022-11-15T14:41:58","date_gmt":"2022-11-15T13:41:58","guid":{"rendered":"https:\/\/www.mbfatimska.pl\/?p=18245"},"modified":"2022-11-15T14:41:58","modified_gmt":"2022-11-15T13:41:58","slug":"msza-swieta-w-intencji-zmarlych-funkcjonariuszy-oraz-pracownikow-cywilnych-csp","status":"publish","type":"post","link":"https:\/\/mbfatimska.ovh\/index.php\/2022\/11\/15\/msza-swieta-w-intencji-zmarlych-funkcjonariuszy-oraz-pracownikow-cywilnych-csp\/","title":{"rendered":"Msza \u015bwi\u0119ta w intencji zmar\u0142ych funkcjonariuszy oraz pracownik\u00f3w cywilnych CSP"},"content":{"rendered":"<p>7 listopada o godzinie 15:00 w naszej \u015bwi\u0105tyni odprawiona zosta\u0142a uroczysta msza \u015bwi\u0119ta w intencji zmar\u0142ych funkcjonariuszy oraz pracownik\u00f3w cywilnych Centrum Szkolenia Policji. Wsp\u00f3ln\u0105 modlitw\u0105 obj\u0119li\u015bmy blisko 30 os\u00f3b. We mszy \u015bwi\u0119tej opr\u00f3cz rodzin zmar\u0142ych funkcjonariuszy i pracownik\u00f3w cywilnych CSP wzi\u0119li udzia\u0142 mi\u0119dzy innymi: Komendant Centrum Szkolenia Policji pani inspektor Anna J\u0119drzejewska-Szpak, przedstawiciele s\u0142u\u017cb mundurowych a tak\u017ce lokalnych w\u0142adz samorz\u0105dowych oraz kadra i s\u0142uchacze CSP. Wzruszaj\u0105cym momentem by\u0142a chwila postawienia p\u0142on\u0105cego znicza na o\u0142tarzu, wraz z kartonikiem z imieniem i nazwiskiem osoby zmar\u0142ej, jeden znicz &#8211; jedno nazwisko. Po mszy \u015bwi\u0119tej wszyscy uczestnicy udali si\u0119 pod Pomnik Katy\u0144ski by odda\u0107 ho\u0142d wszystkim poleg\u0142ym za woln\u0105 ojczyzn\u0119. Wi\u0119cej na ten temat przeczytasz na stronie: <a href=\"https:\/\/csp.edu.pl\/csp\/aktualnosci\/5192,Pamietamy.html\" target=\"_blank\" rel=\"noopener\">CSP. Pami\u0119tamy<\/a><\/p>\n<p><a href=\"https:\/\/www.mbfatimska.pl\/msza-swieta-w-intencji-zmarlych-funkcjonariuszy-oraz-pracownikow-cywilnych-csp-2\/\" target=\"_blank\" rel=\"noopener\">Zdj\u0119cia dzi\u0119ki uprzejmo\u015bci Centrum Szkolenia Policji w Legionowie<\/a><\/p>\n","protected":false},"excerpt":{"rendered":"<p>7 listopada o godzinie 15:00 w naszej \u015bwi\u0105tyni odprawiona zosta\u0142a uroczysta msza \u015bwi\u0119ta w intencji zmar\u0142ych funkcjonariuszy oraz pracownik\u00f3w cywilnych Centrum Szkolenia Policji. Wsp\u00f3ln\u0105 modlitw\u0105 obj\u0119li\u015bmy blisko 30 os\u00f3b. We mszy \u015bwi\u0119tej opr\u00f3cz rodzin zmar\u0142ych funkcjonariuszy i pracownik\u00f3w cywilnych CSP wzi\u0119li udzia\u0142 mi\u0119dzy innymi: Komendant Centrum Szkolenia Policji pani inspektor Anna J\u0119drzejewska-Szpak, przedstawiciele s\u0142u\u017cb mundurowych [&hellip;]<\/p>\n","protected":false},"author":1,"featured_media":18269,"comment_status":"closed","ping_status":"closed","sticky":false,"template":"","format":"standard","meta":{"footnotes":""},"categories":[2],"tags":[],"class_list":["post-18245","post","type-post","status-publish","format-standard","has-post-thumbnail","hentry","category-aktualnosci"],"_links":{"self":[{"href":"https:\/\/mbfatimska.ovh\/index.php\/wp-json\/wp\/v2\/posts\/18245","targetHints":{"allow":["GET"]}}],"collection":[{"href":"https:\/\/mbfatimska.ovh\/index.php\/wp-json\/wp\/v2\/posts"}],"about":[{"href":"https:\/\/mbfatimska.ovh\/index.php\/wp-json\/wp\/v2\/types\/post"}],"author":[{"embeddable":true,"href":"https:\/\/mbfatimska.ovh\/index.php\/wp-json\/wp\/v2\/users\/1"}],"replies":[{"embeddable":true,"href":"https:\/\/mbfatimska.ovh\/index.php\/wp-json\/wp\/v2\/comments?post=18245"}],"version-history":[{"count":0,"href":"https:\/\/mbfatimska.ovh\/index.php\/wp-json\/wp\/v2\/posts\/18245\/revisions"}],"wp:featuredmedia":[{"embeddable":true,"href":"https:\/\/mbfatimska.ovh\/index.php\/wp-json\/wp\/v2\/media\/18269"}],"wp:attachment":[{"href":"https:\/\/mbfatimska.ovh\/index.php\/wp-json\/wp\/v2\/media?parent=18245"}],"wp:term":[{"taxonomy":"category","embeddable":true,"href":"https:\/\/mbfatimska.ovh\/index.php\/wp-json\/wp\/v2\/categories?post=18245"},{"taxonomy":"post_tag","embeddable":true,"href":"https:\/\/mbfatimska.ovh\/index.php\/wp-json\/wp\/v2\/tags?post=18245"}],"curies":[{"name":"wp","href":"https:\/\/api.w.org\/{rel}","templated":true}]}}