{"id":18248,"date":"2022-11-15T14:44:39","date_gmt":"2022-11-15T13:44:39","guid":{"rendered":"https:\/\/www.mbfatimska.pl\/?p=18248"},"modified":"2022-11-15T14:44:39","modified_gmt":"2022-11-15T13:44:39","slug":"podsumowanie-rozanca-swietego-dla-dzieci","status":"publish","type":"post","link":"https:\/\/mbfatimska.ovh\/index.php\/2022\/11\/15\/podsumowanie-rozanca-swietego-dla-dzieci\/","title":{"rendered":"Podsumowanie R\u00f3\u017ca\u0144ca \u015awi\u0119tego dla dzieci"},"content":{"rendered":"<p>Po mszy \u015bwi\u0119tej o godzinie 11:00 nast\u0105pi\u0142a uroczysto\u015b\u0107 podsumowania R\u00f3\u017ca\u0144ca \u015awi\u0119tego dla dzieci. Podczas mszy \u015bwi\u0119tych w poniedzia\u0142ki, \u015brody i pi\u0105tki o godzinie 16:30 ka\u017cdorazowo modli\u0142o si\u0119 oko\u0142o sze\u015b\u0107dziesi\u0119ciorga dzieci. Ka\u017cde takie nabo\u017ce\u0144stwo odprawiane by\u0142o w konkretnej intencji a na zako\u0144czenie dzieci bra\u0142y udzia\u0142 w konkursach z nagrodami. Podczas podsumowania ka\u017cde dziecko uczestnicz\u0105ce we mszach r\u00f3\u017ca\u0144cowych w nagrod\u0119 za cierpliwo\u015b\u0107, punktualno\u015b\u0107 oraz skupienie modlitewne otrzyma\u0142o prezent w postaci albumu historycznego, gry planszowej a tak\u017ce okoliczno\u015bciowego dyplomu.<\/p>\n<p><a href=\"https:\/\/www.mbfatimska.pl\/podsumowanie-rozanca-swietego-dla-dzieci-2\/\" target=\"_blank\" rel=\"noopener\">Galeria zdj\u0119\u0107<\/a><\/p>\n","protected":false},"excerpt":{"rendered":"<p>Po mszy \u015bwi\u0119tej o godzinie 11:00 nast\u0105pi\u0142a uroczysto\u015b\u0107 podsumowania R\u00f3\u017ca\u0144ca \u015awi\u0119tego dla dzieci. Podczas mszy \u015bwi\u0119tych w poniedzia\u0142ki, \u015brody i pi\u0105tki o godzinie 16:30 ka\u017cdorazowo modli\u0142o si\u0119 oko\u0142o sze\u015b\u0107dziesi\u0119ciorga dzieci. Ka\u017cde takie nabo\u017ce\u0144stwo odprawiane by\u0142o w konkretnej intencji a na zako\u0144czenie dzieci bra\u0142y udzia\u0142 w konkursach z nagrodami. Podczas podsumowania ka\u017cde dziecko uczestnicz\u0105ce we mszach [&hellip;]<\/p>\n","protected":false},"author":1,"featured_media":14637,"comment_status":"closed","ping_status":"closed","sticky":false,"template":"","format":"standard","meta":{"footnotes":""},"categories":[2],"tags":[],"class_list":["post-18248","post","type-post","status-publish","format-standard","has-post-thumbnail","hentry","category-aktualnosci"],"_links":{"self":[{"href":"https:\/\/mbfatimska.ovh\/index.php\/wp-json\/wp\/v2\/posts\/18248","targetHints":{"allow":["GET"]}}],"collection":[{"href":"https:\/\/mbfatimska.ovh\/index.php\/wp-json\/wp\/v2\/posts"}],"about":[{"href":"https:\/\/mbfatimska.ovh\/index.php\/wp-json\/wp\/v2\/types\/post"}],"author":[{"embeddable":true,"href":"https:\/\/mbfatimska.ovh\/index.php\/wp-json\/wp\/v2\/users\/1"}],"replies":[{"embeddable":true,"href":"https:\/\/mbfatimska.ovh\/index.php\/wp-json\/wp\/v2\/comments?post=18248"}],"version-history":[{"count":0,"href":"https:\/\/mbfatimska.ovh\/index.php\/wp-json\/wp\/v2\/posts\/18248\/revisions"}],"wp:featuredmedia":[{"embeddable":true,"href":"https:\/\/mbfatimska.ovh\/index.php\/wp-json\/wp\/v2\/media\/14637"}],"wp:attachment":[{"href":"https:\/\/mbfatimska.ovh\/index.php\/wp-json\/wp\/v2\/media?parent=18248"}],"wp:term":[{"taxonomy":"category","embeddable":true,"href":"https:\/\/mbfatimska.ovh\/index.php\/wp-json\/wp\/v2\/categories?post=18248"},{"taxonomy":"post_tag","embeddable":true,"href":"https:\/\/mbfatimska.ovh\/index.php\/wp-json\/wp\/v2\/tags?post=18248"}],"curies":[{"name":"wp","href":"https:\/\/api.w.org\/{rel}","templated":true}]}}