{"id":18282,"date":"2022-11-20T07:39:29","date_gmt":"2022-11-20T06:39:29","guid":{"rendered":"https:\/\/www.mbfatimska.pl\/?p=18282"},"modified":"2022-11-20T07:39:29","modified_gmt":"2022-11-20T06:39:29","slug":"uroczystosc-jezusa-chrystusa-krola-wszechswiata-3","status":"publish","type":"post","link":"https:\/\/mbfatimska.ovh\/index.php\/2022\/11\/20\/uroczystosc-jezusa-chrystusa-krola-wszechswiata-3\/","title":{"rendered":"Uroczysto\u015b\u0107  Jezusa Chrystusa , Kr\u00f3la Wszech\u015bwiata"},"content":{"rendered":"<p>1.\tDzisiejsz\u0105 niedziel\u0105 ko\u0144czymy rok liturgiczny. Jeszcze kilka dni i rozpoczniemy nowy rok w liturgii ko\u015bcio\u0142a I Niedziel\u0105 Adwentu. W dzisiejsz\u0105 uroczysto\u015b\u0107 po Mszy \u015bwi\u0119tej o godz. 12.30 wystawienie Naj\u015bwi\u0119tszego Sakramentu i wsp\u00f3lna adoracja.<br \/>\n2.\tR\u00f3wnie\u017c dzisiaj na Mszy \u015bwi\u0119tej o godz. 11.00 wyst\u0105pi ch\u00f3r dzieci\u0119cy ze Szko\u0142y podstawowej nr 8 pod kierunkiem Pani Anity Rodak \u2013 nauczycielki tamtejszej szko\u0142y, a u nas prowadz\u0105cej schol\u0119 Fatima Canta. Bezpo\u015brednio po Mszy \u015bwi\u0119tej dzieci wyst\u0105pi\u0105 z koncertem patriotycznym \u2013 nawi\u0105zuj\u0105cym do \u015awi\u0119ta Niepodleg\u0142o\u015bci. Prosimy o uczestnictwo w cz\u0119\u015bci artystycznej dzieci.<br \/>\n3.\tWe wtorek 22 listopada, tak jak w ka\u017cdym miesi\u0105cu, zapraszamy na nabo\u017ce\u0144stwo do \u015bw. Rity. O godz. 18.00 zostanie odprawiona Msza \u015bwi\u0119ta i bezpo\u015brednio po niej nabo\u017ce\u0144stwo do tej \u015bwi\u0119tej patronki spraw trudnych i beznadziejnych. R\u00f3\u017ce  b\u0119dzie mo\u017cna zakupi\u0107 przed Msz\u0105 \u015bwi\u0119t\u0105 o godz. 18.00. R\u00f3wnie\u017c przed  Msz\u0105 \u015bwi\u0119t\u0105 b\u0119dzie mo\u017cna z\u0142o\u017cy\u0107 intencje.<br \/>\n4.\tW czwartek w budynku Centrum Pomocy Rodzinie nieodp\u0142atnie b\u0119dzie przyjmowa\u0142 logopeda w godz. 17.00 \u2013 18.00.<br \/>\n5.\tW pi\u0105tek o godz. 18.00 zostanie odprawiona Msza \u015bwi\u0119ta wypominkowa za naszych bliskich zmar\u0142ych.<br \/>\n6.\tZa tydzie\u0144 I Niedziela Adwentu. Tego dnia odb\u0119d\u0105 si\u0119 nast\u0119puj\u0105ce spotkania:<br \/>\n&#8211; o godz. 10.25 dla dzieci klas III szko\u0142y podstawowej przed I Komuni\u0105 \u015bwi\u0119t\u0105<br \/>\n&#8211; o godz. 16.00 dla m\u0142odzie\u017cy przed sakramentem bierzmowania; na spotkanie nale\u017cy przynie\u015b\u0107 d\u0142ugopisy. B\u0119dzie zaliczenie z r\u00f3\u017ca\u0144ca i G\u0142\u00f3wnych Prawd Wiary.<br \/>\n7.\tZach\u0119camy do skorzystania z oferty naszych gabinet\u00f3w rehabilitacyjnych. W dobie , gdzie tak trudno skorzysta\u0107 z pomocy rehabilitant\u00f3w, w naszym Centrum Wsparcia Fizycznego tak\u0105 pomoc mo\u017cna uzyska\u0107 od r\u0119ki. Nie potrzeba skierowania od lekarza a wykwalifikowani fizjoterapeuci wyznacz\u0105 stosowne zabiegi do naszego schorzenia. W gabinetach rehabilitacyjnych  mo\u017cemy skorzysta\u0107 z ultrad\u017awi\u0119k\u00f3w, solluxu, laseru, pola magnetycznego, elektroterapii, masa\u017cu manualnego i \u0107wicze\u0144 rehabilitacyjnych usprawniaj\u0105cych narz\u0105du ruchu. Zapraszamy w poniedzia\u0142ki, \u015brody i pi\u0105tki w godz. 16.00-18.00. Wszystkie urz\u0105dzenia s\u0105 nowe  a kadra m\u0142oda, wykwalifikowana i z du\u017cym do\u015bwiadczeniem.<br \/>\n8.\tW ostatnim czasie zamontowali\u015bmy kolejne panele fotowoltaiczne rozszerzaj\u0105c wcze\u015bniej za\u0142o\u017cone panele celem zmniejszenia rachunk\u00f3w za pr\u0105d. W lutym za\u0142o\u017cyli\u015bmy panele produkcyjne 14,6 kW a obecnie 10 kW. Obecna inwestycja kosztowa\u0142a blisko 55.000 z\u0142. Dzi\u0119kujemy firmie Dorian za fachow\u0105, rzeteln\u0105 i sprawn\u0105 prac\u0119 monta\u017cow\u0105.<br \/>\n9.\tHarcerze zapraszaj\u0105 nas do kawiarenki na w\u0142asnor\u0119cznie wykonane ciasto i gofry. Pocz\u0119stuj\u0105 nas herbat\u0105 i kaw\u0105 a nade wszystko mi\u0142\u0105 harcersk\u0105 atmosfer\u0105.<br \/>\n10.\tDzi\u0119kujemy za czwartkowe i sobotnie prace porz\u0105dkowe. Pracy by\u0142o wiele, pogoda zimowa z pierwszym \u015bniegiem, tym bardziej jeste\u015bmy wdzi\u0119czni za trud i po\u015bwi\u0119cenie.<br \/>\n11.\tProsimy o zamykanie drzwi wchodz\u0105c do ko\u015bcio\u0142a. Ko\u015bci\u00f3\u0142 jest ogrzewany a to du\u017ce dzisiaj koszty. Prosimy o wzajemn\u0105 trosk\u0119 o ciep\u0142o w \u015bwi\u0105tyni.<\/p>\n","protected":false},"excerpt":{"rendered":"<p>1. Dzisiejsz\u0105 niedziel\u0105 ko\u0144czymy rok liturgiczny. Jeszcze kilka dni i rozpoczniemy nowy rok w liturgii ko\u015bcio\u0142a I Niedziel\u0105 Adwentu. W dzisiejsz\u0105 uroczysto\u015b\u0107 po Mszy \u015bwi\u0119tej o godz. 12.30 wystawienie Naj\u015bwi\u0119tszego Sakramentu i wsp\u00f3lna adoracja. 2. R\u00f3wnie\u017c dzisiaj na Mszy \u015bwi\u0119tej o godz. 11.00 wyst\u0105pi ch\u00f3r dzieci\u0119cy ze Szko\u0142y podstawowej nr 8 pod kierunkiem Pani Anity [&hellip;]<\/p>\n","protected":false},"author":1,"featured_media":30657,"comment_status":"closed","ping_status":"closed","sticky":false,"template":"","format":"standard","meta":{"footnotes":""},"categories":[2,14],"tags":[],"class_list":["post-18282","post","type-post","status-publish","format-standard","has-post-thumbnail","hentry","category-aktualnosci","category-ogloszenia-parafialne"],"_links":{"self":[{"href":"https:\/\/mbfatimska.ovh\/index.php\/wp-json\/wp\/v2\/posts\/18282","targetHints":{"allow":["GET"]}}],"collection":[{"href":"https:\/\/mbfatimska.ovh\/index.php\/wp-json\/wp\/v2\/posts"}],"about":[{"href":"https:\/\/mbfatimska.ovh\/index.php\/wp-json\/wp\/v2\/types\/post"}],"author":[{"embeddable":true,"href":"https:\/\/mbfatimska.ovh\/index.php\/wp-json\/wp\/v2\/users\/1"}],"replies":[{"embeddable":true,"href":"https:\/\/mbfatimska.ovh\/index.php\/wp-json\/wp\/v2\/comments?post=18282"}],"version-history":[{"count":0,"href":"https:\/\/mbfatimska.ovh\/index.php\/wp-json\/wp\/v2\/posts\/18282\/revisions"}],"wp:featuredmedia":[{"embeddable":true,"href":"https:\/\/mbfatimska.ovh\/index.php\/wp-json\/wp\/v2\/media\/30657"}],"wp:attachment":[{"href":"https:\/\/mbfatimska.ovh\/index.php\/wp-json\/wp\/v2\/media?parent=18282"}],"wp:term":[{"taxonomy":"category","embeddable":true,"href":"https:\/\/mbfatimska.ovh\/index.php\/wp-json\/wp\/v2\/categories?post=18282"},{"taxonomy":"post_tag","embeddable":true,"href":"https:\/\/mbfatimska.ovh\/index.php\/wp-json\/wp\/v2\/tags?post=18282"}],"curies":[{"name":"wp","href":"https:\/\/api.w.org\/{rel}","templated":true}]}}