{"id":18286,"date":"2022-11-27T01:05:23","date_gmt":"2022-11-27T00:05:23","guid":{"rendered":"https:\/\/www.mbfatimska.pl\/?p=18286"},"modified":"2022-11-27T01:05:23","modified_gmt":"2022-11-27T00:05:23","slug":"i-niedziela-adwentu-3","status":"publish","type":"post","link":"https:\/\/mbfatimska.ovh\/index.php\/2022\/11\/27\/i-niedziela-adwentu-3\/","title":{"rendered":"I Niedziela Adwentu"},"content":{"rendered":"<p>1.\tRozpocz\u0119li\u015bmy Adwent, kt\u00f3ry ma nas przygotowa\u0107 do \u015awi\u0105t Bo\u017cego Narodzenia a jednocze\u015bnie na powt\u00f3rne przyj\u015bcie Chrystusa na koniec czas\u00f3w \u2013 do paruzji. Zapraszamy na Msze \u015bwi\u0119te roratnie w poniedzia\u0142ki, \u015brody i pi\u0105tki o godz. 6.45, a we wtorki, czwartki i soboty o godz. 18.00.<br \/>\n2.\tWe wtorek na Mszy  \u015awi\u0119tej o godz. 18.00 b\u0119d\u0105 po\u015bwi\u0119cone op\u0142atki, kt\u00f3re przedstawiciele parafii b\u0119d\u0105 roznosi\u0107 po domach. Zapraszamy osoby z poszczeg\u00f3lnych rejon\u00f3w, kt\u00f3re chc\u0105 si\u0119 zaanga\u017cowa\u0107 w roznoszenie op\u0142atk\u00f3w do ko\u015bcio\u0142a we wtorek po Mszy \u015bwi\u0119tej roratniej o godz. 18.00. Mieszka\u0144c\u00f3w \u2013 parafian prosimy o \u017cyczliwe przyj\u0119cie przedstawicieli parafii.<br \/>\n3.\tPrzed nami w tym tygodniu:<br \/>\n&#8211; I czwartek miesi\u0105ca \u2013 po Mszy \u015bwi\u0119tej o godz. 18.00 koronka do Bo\u017cego Mi\u0142osierdzia i mo\u017cliwo\u015b\u0107 adoracji do godz. 21.00<br \/>\n&#8211; I pi\u0105tek miesi\u0105ca \u2013 spowied\u017a popo\u0142udniu od godz. 16.30 do 18.30<br \/>\n&#8211; I sobota miesi\u0105ca \u2013 nabo\u017ce\u0144stwo wynagradzaj\u0105ce niepokalanemu sercu Naj\u015bwi\u0119tszej Maryi Panny po Mszy \u015bwi\u0119tej o godz. 18.00, adoracja trwa\u0107 b\u0119dzie do godz. 20.15.<br \/>\n&#8211; I niedziela \u2013 po Mszy \u015bwi\u0119tej o godz. 12.30 wystawienie Naj\u015bwi\u0119tszego Sakramentu i mo\u017cliwo\u015b\u0107 adoracji do godz. 17.45.<br \/>\n4.\t2 grudnia w I pi\u0105tek miesi\u0105ca o godz. 19.00 w ko\u015bciele konferencja przedchrzcielna. Bior\u0105 w niej udzia\u0142 rodzice dziecka, kt\u00f3re ma by\u0107 ochrzczone oraz rodzice chrzestni i kandydaci na rodzic\u00f3w chrzestnych, kt\u00f3rzy s\u0105 z naszej parafii.<br \/>\n5.\tW \u015brod\u0119 o godz. 19.00 w ko\u015bciele odb\u0119dzie si\u0119 spotkanie dla wolontariuszy, kt\u00f3rzy chc\u0105  si\u0119 w\u0142\u0105czy\u0107 w zbi\u00f3rk\u0119 \u017cywno\u015bci, kt\u00f3ra b\u0119dzie przeprowadzona w Legionowie w dniach 8-10 grudnia z my\u015bl\u0105 o biedniejszej cz\u0119\u015bci mieszka\u0144c\u00f3w Legionowa. Co roku w zbi\u00f3rki w\u0142\u0105czaj\u0105 si\u0119 osoby niepe\u0142nosprawne z Warsztat\u00f3w Terapii Zaj\u0119ciowej \u015bw. Rity, Klub Seniora, ministranci, harcerze, m\u0142odzie\u017c przed sakramentem bierzmowania, wsp\u00f3lnoty parafialne i inni, kt\u00f3rym na sercu le\u017cy niesienie pomocy chorym, samotnym i potrzebuj\u0105cym. Zach\u0119camy do wzi\u0119cia udzia\u0142u w spotkaniu i w naszej zbi\u00f3rce.<br \/>\n6.\tOd przysz\u0142ej niedzieli b\u0119dziemy mogli przed ko\u015bcio\u0142em zakupi\u0107 \u015bwiece na st\u00f3\u0142 wigilijny  &#8211; \u015bwiece b\u0119d\u0105 rozprowadza\u0107 Rycerze \u015bw. Jana Paw\u0142a II. Natomiast dzisiaj i w przysz\u0142\u0105 niedziel\u0119 ministranci i bielanki przed ko\u015bcio\u0142em zapraszaj\u0105 nas na kiermasz \u015bwi\u0105teczny. B\u0119d\u0105 r\u00f3\u017cnego rodzaju ozdoby \u015bwi\u0105teczne i inne rzeczy, kt\u00f3re mog\u0105 pos\u0142u\u017cy\u0107 nam jako \u015bwi\u0105teczny prezent.<br \/>\n7.\tJeszcze dzisiaj o godz. 10.25 katecheza dla dzieci klas III szko\u0142y podstawowej przed I Komuni\u0105 \u015bwi\u0119t\u0105 a o godz. 16.00 dla m\u0142odzie\u017cy przed sakramentem bierzmowania.<br \/>\n8.\tZa tydzie\u0144 o godz. 16.00 r\u00f3wnie\u017c katecheza dla m\u0142odzie\u017cy, kt\u00f3ra przygotowuje si\u0119 do przyj\u0119cia sakramentu bierzmowania.<\/p>\n","protected":false},"excerpt":{"rendered":"<p>1. Rozpocz\u0119li\u015bmy Adwent, kt\u00f3ry ma nas przygotowa\u0107 do \u015awi\u0105t Bo\u017cego Narodzenia a jednocze\u015bnie na powt\u00f3rne przyj\u015bcie Chrystusa na koniec czas\u00f3w \u2013 do paruzji. Zapraszamy na Msze \u015bwi\u0119te roratnie w poniedzia\u0142ki, \u015brody i pi\u0105tki o godz. 6.45, a we wtorki, czwartki i soboty o godz. 18.00. 2. We wtorek na Mszy \u015awi\u0119tej o godz. 18.00 b\u0119d\u0105 [&hellip;]<\/p>\n","protected":false},"author":1,"featured_media":30657,"comment_status":"closed","ping_status":"closed","sticky":false,"template":"","format":"standard","meta":{"footnotes":""},"categories":[2,14],"tags":[],"class_list":["post-18286","post","type-post","status-publish","format-standard","has-post-thumbnail","hentry","category-aktualnosci","category-ogloszenia-parafialne"],"_links":{"self":[{"href":"https:\/\/mbfatimska.ovh\/index.php\/wp-json\/wp\/v2\/posts\/18286","targetHints":{"allow":["GET"]}}],"collection":[{"href":"https:\/\/mbfatimska.ovh\/index.php\/wp-json\/wp\/v2\/posts"}],"about":[{"href":"https:\/\/mbfatimska.ovh\/index.php\/wp-json\/wp\/v2\/types\/post"}],"author":[{"embeddable":true,"href":"https:\/\/mbfatimska.ovh\/index.php\/wp-json\/wp\/v2\/users\/1"}],"replies":[{"embeddable":true,"href":"https:\/\/mbfatimska.ovh\/index.php\/wp-json\/wp\/v2\/comments?post=18286"}],"version-history":[{"count":0,"href":"https:\/\/mbfatimska.ovh\/index.php\/wp-json\/wp\/v2\/posts\/18286\/revisions"}],"wp:featuredmedia":[{"embeddable":true,"href":"https:\/\/mbfatimska.ovh\/index.php\/wp-json\/wp\/v2\/media\/30657"}],"wp:attachment":[{"href":"https:\/\/mbfatimska.ovh\/index.php\/wp-json\/wp\/v2\/media?parent=18286"}],"wp:term":[{"taxonomy":"category","embeddable":true,"href":"https:\/\/mbfatimska.ovh\/index.php\/wp-json\/wp\/v2\/categories?post=18286"},{"taxonomy":"post_tag","embeddable":true,"href":"https:\/\/mbfatimska.ovh\/index.php\/wp-json\/wp\/v2\/tags?post=18286"}],"curies":[{"name":"wp","href":"https:\/\/api.w.org\/{rel}","templated":true}]}}