{"id":18294,"date":"2022-12-11T00:52:34","date_gmt":"2022-12-10T23:52:34","guid":{"rendered":"https:\/\/www.mbfatimska.pl\/?p=18294"},"modified":"2022-12-11T00:52:34","modified_gmt":"2022-12-10T23:52:34","slug":"iii-niedziela-adwentu-3","status":"publish","type":"post","link":"https:\/\/mbfatimska.ovh\/index.php\/2022\/12\/11\/iii-niedziela-adwentu-3\/","title":{"rendered":"III niedziela Adwentu"},"content":{"rendered":"<p>1. Dzisiaj o godz. 10.25 katecheza dla dzieci klas III szko\u0142y podstawowej przed I Komuni\u0105 \u015bwi\u0119t\u0105.<br \/>\n2. R\u00f3wnie\u017c dzisiaj o godz. 17.00 r\u00f3\u017caniec w intencji wynagradzaj\u0105cej Panu Bogu za grzechy przeciw VI przykazaniu, zw\u0142aszcza w intencji dzieci pocz\u0119tych a nienarodzonych. Jest to odpowied\u017a na objawienia Matki Bo\u017cej z Guadalupe \u2013 Patronki \u017cycia ludzkiego i obro\u0144czyni pocz\u0119tych dzieci.<br \/>\n3. W tym tygodniu rozpoczynamy rekolekcje adwentowe. Zapraszamy w czwartek, pi\u0105tek i sobot\u0119 na Msz\u0119 \u015bwi\u0119t\u0105 z nauk\u0105 rekolekcyjn\u0105 o godz. 9.00, 16.30 dla dzieci, 18.00 i 19.45. Msze \u015bwi\u0119te o godz. 18.00 w czasie rekolekcji b\u0119d\u0105 Mszami roratnimi, a zatem nie b\u0119dzie rorat w pi\u0105tek o godz. 6.45. Spowied\u017a ka\u017cdego dnia rekolekcji w czasie Mszy \u015bwi\u0119tej. W sobot\u0119 w godz. 11.00-13.00 pragniemy odwiedzi\u0107 chorych i starszych z pos\u0142ug\u0105 sakramentaln\u0105. Adresy prosz\u0119 poda\u0107 w zakrystii do \u015brody w\u0142\u0105cznie.<br \/>\n4. We wtorek, 13 grudnia, grupa parafian, uczestnicy Warsztat\u00f3w Terapii Zaj\u0119ciowej \u015bw. Rity oraz Klub Seniora wyje\u017cd\u017caj\u0105 na sztuk\u0119 pt.: \u201ePinokio\u201d, wystawian\u0105 w naszym seminarium duchownym przez kleryk\u00f3w III roku. Wyjazd o godz. 17.30, powr\u00f3t oko\u0142o godz. 21.00. Jest jeszcze kilka wolnych miejsc. Mo\u017cna jeszcze dzisiaj zapisa\u0107 si\u0119 na wyjazd w zakrystii.<br \/>\n5. R\u00f3wnie\u017c we wtorek o godz. 7.30 b\u0119dzie odprawiona Msza \u015bwi\u0119ta w intencji firm, w\u0142a\u015bcicieli, pracownik\u00f3w i ich rodzin z terenu legionowskiego przez po\u015brednictwo Matki Bo\u017cej Fatimskiej.<br \/>\n6. W pi\u0105tek, sobot\u0119 i dzisiaj w Biedronce i Kauflandzie na Piaskach odbywa\u0142a si\u0119 zbi\u00f3rka \u017cywo\u015bci o przed\u0142o\u017conym terminie przydatno\u015bci, z my\u015bl\u0105 o biedniejszej cz\u0119\u015bci naszych mieszka\u0144c\u00f3w. Dzi\u0119kujemy tym, kt\u00f3rzy w\u0142\u0105czyli si\u0119 w zbi\u00f3rk\u0119 kupuj\u0105c artyku\u0142y spo\u017cywcze i tym kt\u00f3rzy je zbierali. Jeszcze dzisiaj od godz. 9.00 do 18.00 mo\u017cemy wspom\u00f3c potrzebuj\u0105cych.<br \/>\n7. W pi\u0105tek w godz. 12.00-14.00 b\u0119dzie wydawana \u017cywno\u015b\u0107 osobom biedniejszym. Je\u017celi wiemy, \u017ce takie osoby mieszkaj\u0105 obok nas, w naszym s\u0105siedztwie, to prosz\u0119 ich powiadomi\u0107. \u017bywno\u015b\u0107 nie b\u0119dzie wydawana osobom pod wp\u0142ywem alkoholu.<br \/>\n8. W niedziel\u0119 o godz. 16.00 odb\u0119dzie si\u0119 spotkanie \u015bwi\u0105teczne dla ministrant\u00f3w, scholi, bielanek i oazy. Zaczynamy w ko\u015bciele od wsp\u00f3lnej modlitwy.<br \/>\n9. R\u00f3wnie\u017c w przysz\u0142\u0105 niedziel\u0119, po Mszy \u015bwi\u0119tej o godz. 12.30 odb\u0119dzie si\u0119 koncert \u015bwi\u0105teczny. B\u0119dziemy mogli wys\u0142ucha\u0107 wspania\u0142ych utwor\u00f3w o tematyce \u015bwi\u0105tecznej oraz us\u0142ysze\u0107 s\u0142owa Pisma \u015bwi\u0119tego, m\u00f3wi\u0105ce o narodzinach Pana Jezusa, a to wszystko w dobrym wykonaniu. Zapraszamy.<br \/>\n10. Przed ko\u015bcio\u0142em w czasie rekolekcji po Mszy \u015bwi\u0119tej o godz. 9.00 nasze Warsztaty Terapii Zaj\u0119ciowej \u015bw. Rity \u2013 osoby niepe\u0142nosprawne, b\u0119d\u0105 prezentowa\u0107 dorobek artystyczny swojej pracy. B\u0119dzie wiele prac o tematyce \u015bwi\u0105tecznej. Zach\u0119camy do kupna.<br \/>\n11. W przysz\u0142\u0105 niedziel\u0119 po Mszach \u015bwi\u0119tych do po\u0142udnia Klub Seniora AMICUS zaprasza na kiermasz wyrob\u00f3w wykonywanych przez naszych senior\u00f3w. Oni r\u00f3wnie\u017c chc\u0105 pokaza\u0107 swoj\u0105 prac\u0119. Seniorzy w Klubie obok rozm\u00f3w, wyjazd\u00f3w, \u0107wicze\u0144 kondycyjnych, zaj\u0119\u0107 muzycznych, r\u00f3wnie\u017c wykonuj\u0105 drobne prace r\u0119czne. B\u0119dziemy mogli je zobaczy\u0107 i kupi\u0107.<br \/>\n12. Za tydzie\u0144 o godz. 10.25 katecheza dla dzieci klas IV szko\u0142y podstawowej przed rocznic\u0105 Komunii \u015bwi\u0119tej.<br \/>\n13. Przed ko\u015bcio\u0142em mo\u017cemy u Rycerzy \u015bw. Jana Paw\u0142a II zakupi\u0107 \u015bwiece na st\u00f3\u0142 wigilijny, a u Pana Jacka \u2013 ko\u015bcielnego, op\u0142atki.<br \/>\n14. Harcerze zapraszaj\u0105 nas, jak co niedziela, do kawiarenki na kaw\u0119, herbat\u0119, w\u0142asnor\u0119cznie wykonane ciasto oraz wyborne gofry.<br \/>\n15. Dzi\u0119kujemy za sobotnie prace porz\u0105dkowe. Za grabienie, zamiatanie i obk\u0142adanie r\u00f3\u017c na sezon zimowy.<br \/>\n16. We wtorek po Mszy \u015bwi\u0119tej roratniej o godz. 18.00 przyby\u0142 \u015bw. Miko\u0142aj. Ku uciesze dzieci przywi\u00f3z\u0142 prezenty. Cieszymy si\u0119 z wizyty tak mi\u0142ego go\u015bcia, kt\u00f3ry obdarowa\u0142 ponad 60 dzieci.<\/p>\n","protected":false},"excerpt":{"rendered":"<p>1. Dzisiaj o godz. 10.25 katecheza dla dzieci klas III szko\u0142y podstawowej przed I Komuni\u0105 \u015bwi\u0119t\u0105. 2. R\u00f3wnie\u017c dzisiaj o godz. 17.00 r\u00f3\u017caniec w intencji wynagradzaj\u0105cej Panu Bogu za grzechy przeciw VI przykazaniu, zw\u0142aszcza w intencji dzieci pocz\u0119tych a nienarodzonych. Jest to odpowied\u017a na objawienia Matki Bo\u017cej z Guadalupe \u2013 Patronki \u017cycia ludzkiego i obro\u0144czyni [&hellip;]<\/p>\n","protected":false},"author":1,"featured_media":30657,"comment_status":"closed","ping_status":"closed","sticky":false,"template":"","format":"standard","meta":{"footnotes":""},"categories":[2,14],"tags":[],"class_list":["post-18294","post","type-post","status-publish","format-standard","has-post-thumbnail","hentry","category-aktualnosci","category-ogloszenia-parafialne"],"_links":{"self":[{"href":"https:\/\/mbfatimska.ovh\/index.php\/wp-json\/wp\/v2\/posts\/18294","targetHints":{"allow":["GET"]}}],"collection":[{"href":"https:\/\/mbfatimska.ovh\/index.php\/wp-json\/wp\/v2\/posts"}],"about":[{"href":"https:\/\/mbfatimska.ovh\/index.php\/wp-json\/wp\/v2\/types\/post"}],"author":[{"embeddable":true,"href":"https:\/\/mbfatimska.ovh\/index.php\/wp-json\/wp\/v2\/users\/1"}],"replies":[{"embeddable":true,"href":"https:\/\/mbfatimska.ovh\/index.php\/wp-json\/wp\/v2\/comments?post=18294"}],"version-history":[{"count":0,"href":"https:\/\/mbfatimska.ovh\/index.php\/wp-json\/wp\/v2\/posts\/18294\/revisions"}],"wp:featuredmedia":[{"embeddable":true,"href":"https:\/\/mbfatimska.ovh\/index.php\/wp-json\/wp\/v2\/media\/30657"}],"wp:attachment":[{"href":"https:\/\/mbfatimska.ovh\/index.php\/wp-json\/wp\/v2\/media?parent=18294"}],"wp:term":[{"taxonomy":"category","embeddable":true,"href":"https:\/\/mbfatimska.ovh\/index.php\/wp-json\/wp\/v2\/categories?post=18294"},{"taxonomy":"post_tag","embeddable":true,"href":"https:\/\/mbfatimska.ovh\/index.php\/wp-json\/wp\/v2\/tags?post=18294"}],"curies":[{"name":"wp","href":"https:\/\/api.w.org\/{rel}","templated":true}]}}