{"id":18455,"date":"2022-12-25T00:40:11","date_gmt":"2022-12-24T23:40:11","guid":{"rendered":"https:\/\/www.mbfatimska.pl\/?p=18455"},"modified":"2022-12-25T00:40:11","modified_gmt":"2022-12-24T23:40:11","slug":"uroczystosc-narodzenia-panskiego-2022","status":"publish","type":"post","link":"https:\/\/mbfatimska.ovh\/index.php\/2022\/12\/25\/uroczystosc-narodzenia-panskiego-2022\/","title":{"rendered":"Uroczysto\u015b\u0107 Narodzenia Pa\u0144skiego 2022"},"content":{"rendered":"<p>1. Bardzo serdecznie dzi\u0119kujemy tym, kt\u00f3rzy trudzili si\u0119 przy dekoracji \u015bwi\u0105tecznej \u015bwi\u0105tyni jak i terenu ko\u015bcielnego. Dzi\u0119kujemy Warsztatom Terapii Zaj\u0119ciowej \u015bw. Rity za dekoracj\u0119 \u017c\u0142\u00f3bka, paniom i panom za obsadzenie i dekoracj\u0119 choinek, Panu Waldemarowi Tobisiowi za prace elektryczne. Gor\u0105ce podzi\u0119kowanie tak\u017ce dla os\u00f3b, kt\u00f3re odwiedza\u0142y rodziny naszej parafii i rozprowadza\u0142y op\u0142atki na st\u00f3\u0142 wigilijny.<br \/>\n2. Jutro drugi dzie\u0144 \u015bwi\u0105t Bo\u017cego Narodzenia. Msze \u015bwi\u0119te wed\u0142ug porz\u0105dku niedzielnego.<br \/>\n3. W \u015brod\u0119, 28 grudnia, o godz. 16.00 zostanie odprawiona Msza \u015bwi\u0119ta w intencji os\u00f3b, kt\u00f3re czynnie uczestniczy\u0142y i uczestnicz\u0105 w dziele dba\u0142o\u015bci o ko\u015bci\u00f3\u0142 i teren przy ko\u015bciele. B\u0119dziemy modli\u0107 si\u0119 za \u017cyj\u0105cych, aby Pan B\u00f3g im b\u0142ogos\u0142awi\u0142, a zmar\u0142ym b\u0119dziemy wyprasza\u0107 niebo.<br \/>\n4. W pi\u0105tek o godz. 18.00 zostanie odprawiona Msza \u015bwi\u0119ta wypominkowa za naszych zmar\u0142ych poleconych w tegorocznych wypominkach.<br \/>\n5. W pi\u0105tek r\u00f3wnie\u017c obchodzi\u0107 b\u0119dziemy w Ko\u015bciele uroczysto\u015b\u0107 \u015awi\u0119tej Rodziny \u2013 Jezusa, Maryi i J\u00f3zefa. W tym roku z racji, \u017ce 1 stycznia wypada w pierwsz\u0105 niedziel\u0119 po Bo\u017cym Narodzeniu, uroczysto\u015b\u0107 \u015awi\u0119tej Rodziny zosta\u0142a przeniesiona na pi\u0105tek. Zapraszamy na Msze \u015bwi\u0119te o godz. 17.00 i 18.00.<br \/>\n6. W sobot\u0119 ostatni dzie\u0144 roku 2022. O godz. 18.00 zostanie odprawiona Msza \u015bwi\u0119ta dzi\u0119kczynno-przeb\u0142agalna za rok ust\u0119puj\u0105cy. B\u0119dziemy r\u00f3wnie\u017c z nadziej\u0105 wpatrywa\u0107 si\u0119 w nadchodz\u0105cy rok 2023.<br \/>\n7. W niedziel\u0119 Nowy Rok a zarazem uroczysto\u015b\u0107 \u015awi\u0119tej Bo\u017cej Rodzicielki Maryi. Msze \u015bwi\u0119te b\u0119d\u0105 odprawiane wed\u0142ug porz\u0105dku niedzielnego. Nie b\u0119dzie Mszy \u015bwi\u0119tej o godz. 7.30.<br \/>\n8. Po 2 letniej przerwie spowodowanej pandemi\u0105, pragniemy wr\u00f3ci\u0107 do tradycyjnej wizyty duszpasterskiej zwanej Kol\u0119d\u0105. Rozpoczynamy od 2 stycznia. Oto program kol\u0119dy na najbli\u017csze dni do 10 stycznia w\u0142\u0105cznie:<\/p>\n<p><strong>poniedzia\u0142ek \u2013 02.01.2023<\/strong><br \/>\ngodz. 9.00\u00a0 \u00a0&#8211; ul. Obro\u0144c\u00f3w Lwowa<br \/>\n&#8211; ul. Jasna<br \/>\ngodz. 16.00 &#8211; ul. Piaskowa 4 i 6<\/p>\n<p><strong>wtorek \u2013 03.01.2023<\/strong><br \/>\ngodz. 9.00 &#8211; ul. Zegrzy\u0144ska- domki (numery parzyste) oraz PIM<\/p>\n<p>(jeden ksi\u0105dz):<br \/>\ngodz. 16.00 &#8211; ul. Piaskowa 8<br \/>\ngodz. 18.00 &#8211; ul. Piaskowa 10<\/p>\n<p>godz. 16.00 &#8211; ul. Wolska (numery parzyste, po stronie ul. Grudzie i na wodoci\u0105g\u00f3wce)<\/p>\n<p>godz. 16.00 &#8211; ul. Wolska (numery parzyste od ul. Zegrzy\u0144skiej do numeru 36)<\/p>\n<p><strong>\u015broda \u2013 04.01.2023<\/strong><br \/>\ngodz. 16.00 &#8211; ul. Piaskowa 12<br \/>\n&#8211; ul. Wolska (numery parzyste od numeru 38 do 60B)<br \/>\n&#8211; ul. Wolska (numery parzyste od numeru 62 do ko\u0144ca)<\/p>\n<p><strong>czwartek \u2013 05.01.2023<\/strong><br \/>\ngodz. 16.00 &#8211; ul. W\u0105ska 81 i ul. Stru\u017ca\u0144ska 2D<br \/>\n&#8211; ul. Wolska (numery nieparzyste od ul. Warszawskiej do numeru 27)<br \/>\ni ul. Wi\u015bniowa<br \/>\nGodz. 17.00 &#8211; ul. Wolska (numery nieparzyste od numeru 29 do numeru 57)<br \/>\ni ul. Kwiatowa<\/p>\n<p><strong>pi\u0105tek \u2013 06.01.2023 \u2013 uroczysto\u015b\u0107 Objawienia Pa\u0144skiego<\/strong><\/p>\n<p><strong>sobota \u2013 07.01.2023<\/strong><br \/>\ngodz. 9.00 &#8211; ul. Wolska (numery nieparzyste od numeru 59 do 73)<br \/>\n&#8211; ul. Wolska (numery nieparzyste od numeru 75 do ko\u0144ca)<\/p>\n<p><strong>poniedzia\u0142ek \u2013 09.01.2023<\/strong><br \/>\ngodz. 16.00 &#8211; ul. Stru\u017ca\u0144ska 2E (I klatka)<br \/>\n&#8211; ul. \u0141\u0105kowa i przyleg\u0142e do niej<\/p>\n<p><strong>wtorek \u2013 10.01.2023<\/strong><br \/>\ngodz. 16.00 &#8211; ul. Stru\u017ca\u0144ska 2E (II klatka)<br \/>\n&#8211; ul. Partyzant\u00f3w (numery parzyste)<br \/>\n&#8211; ul. Partyzant\u00f3w (numery nieparzyste)<\/p>\n<p>Prosz\u0119 tak zorganizowa\u0107 sobie czas by spotka\u0107 si\u0119 z kap\u0142anem, kt\u00f3ry pragnie przynie\u015b\u0107 nam Bo\u017ce b\u0142ogos\u0142awie\u0144stwo jako umocnienie na nowy rok. W wizycie duszpasterskiej b\u0119d\u0105 nas wspomaga\u0107 ksi\u0119\u017ca pallotyni, z kt\u00f3rych pomocy korzystamy w pracy duszpasterskiej.<br \/>\n9. Na czas \u015bwi\u0105tecznej rado\u015bci z tajemnicy Bo\u017cego Narodzenia, \u017cyczymy obfito\u015bci Bo\u017cych dar\u00f3w i otwarto\u015bci na S\u0142owo, kt\u00f3re sta\u0142o si\u0119 Cia\u0142em.<\/p>\n","protected":false},"excerpt":{"rendered":"<p>1. Bardzo serdecznie dzi\u0119kujemy tym, kt\u00f3rzy trudzili si\u0119 przy dekoracji \u015bwi\u0105tecznej \u015bwi\u0105tyni jak i terenu ko\u015bcielnego. Dzi\u0119kujemy Warsztatom Terapii Zaj\u0119ciowej \u015bw. Rity za dekoracj\u0119 \u017c\u0142\u00f3bka, paniom i panom za obsadzenie i dekoracj\u0119 choinek, Panu Waldemarowi Tobisiowi za prace elektryczne. Gor\u0105ce podzi\u0119kowanie tak\u017ce dla os\u00f3b, kt\u00f3re odwiedza\u0142y rodziny naszej parafii i rozprowadza\u0142y op\u0142atki na st\u00f3\u0142 wigilijny. [&hellip;]<\/p>\n","protected":false},"author":1,"featured_media":30657,"comment_status":"closed","ping_status":"closed","sticky":false,"template":"","format":"standard","meta":{"footnotes":""},"categories":[2,14],"tags":[],"class_list":["post-18455","post","type-post","status-publish","format-standard","has-post-thumbnail","hentry","category-aktualnosci","category-ogloszenia-parafialne"],"_links":{"self":[{"href":"https:\/\/mbfatimska.ovh\/index.php\/wp-json\/wp\/v2\/posts\/18455","targetHints":{"allow":["GET"]}}],"collection":[{"href":"https:\/\/mbfatimska.ovh\/index.php\/wp-json\/wp\/v2\/posts"}],"about":[{"href":"https:\/\/mbfatimska.ovh\/index.php\/wp-json\/wp\/v2\/types\/post"}],"author":[{"embeddable":true,"href":"https:\/\/mbfatimska.ovh\/index.php\/wp-json\/wp\/v2\/users\/1"}],"replies":[{"embeddable":true,"href":"https:\/\/mbfatimska.ovh\/index.php\/wp-json\/wp\/v2\/comments?post=18455"}],"version-history":[{"count":0,"href":"https:\/\/mbfatimska.ovh\/index.php\/wp-json\/wp\/v2\/posts\/18455\/revisions"}],"wp:featuredmedia":[{"embeddable":true,"href":"https:\/\/mbfatimska.ovh\/index.php\/wp-json\/wp\/v2\/media\/30657"}],"wp:attachment":[{"href":"https:\/\/mbfatimska.ovh\/index.php\/wp-json\/wp\/v2\/media?parent=18455"}],"wp:term":[{"taxonomy":"category","embeddable":true,"href":"https:\/\/mbfatimska.ovh\/index.php\/wp-json\/wp\/v2\/categories?post=18455"},{"taxonomy":"post_tag","embeddable":true,"href":"https:\/\/mbfatimska.ovh\/index.php\/wp-json\/wp\/v2\/tags?post=18455"}],"curies":[{"name":"wp","href":"https:\/\/api.w.org\/{rel}","templated":true}]}}