{"id":18497,"date":"2023-01-08T00:07:34","date_gmt":"2023-01-07T23:07:34","guid":{"rendered":"https:\/\/www.mbfatimska.pl\/?p=18497"},"modified":"2023-01-08T00:07:34","modified_gmt":"2023-01-07T23:07:34","slug":"niedziela-chrztu-panskiego-3","status":"publish","type":"post","link":"https:\/\/mbfatimska.ovh\/index.php\/2023\/01\/08\/niedziela-chrztu-panskiego-3\/","title":{"rendered":"Niedziela Chrztu Pa\u0144skiego"},"content":{"rendered":"<p>1. Dzisiejsz\u0105 niedziel\u0105 ko\u0144czymy radosny okres Bo\u017cego Narodzenia, cho\u0107 choinki i \u015bpiew kol\u0119d w ograniczonym zakresie b\u0119d\u0105 nam towarzyszy\u0107 do \u015bwi\u0119ta Ofiarowania Pa\u0144skiego 2 lutego.<br \/>\n2. Jeszcze dzisiaj o godz. 10.25 katecheza dla dzieci klas III szko\u0142y podstawowej przed uroczysto\u015bci\u0105 I Komunii \u015bwi\u0119tej a o godz. 16.45 w salce pod zakrysti\u0105 katecheza dla m\u0142odzie\u017cy przed sakramentem bierzmowania.<br \/>\n3. We wtorek w budynku Wsparcia Fizycznego w godz. 17.00 \u2013 19.00 nieodp\u0142atnie b\u0119dzie przyjmowa\u0142 prawnik.<\/p>\n<p>4. W czwartek, 12 stycznia, przypadaj\u0105 imieniny ks. Arkadiusza, kt\u00f3ry od prawie 10 lat wspiera nas w pracy duszpasterskiej. Otoczmy go w tym dniu modlitw\u0105 a nasz\u0105 wdzi\u0119czno\u015b\u0107 z dobrym i ciep\u0142ym s\u0142owem wyrazimy w przysz\u0142\u0105 niedziel\u0119 podczas Mszy \u015bwi\u0119tych.<br \/>\n5. W przysz\u0142\u0105 niedziel\u0119 o godz. 10.25 w ko\u015bciele katecheza dla dzieci klas IV szko\u0142y podstawowej przed uroczysto\u015bci\u0105 rocznicy I Komunii \u015bwi\u0119tej.<br \/>\n6. R\u00f3wnie\u017c za tydzie\u0144 m\u0142odzie\u017c z ko\u0142a wolontariatu ze szko\u0142y podstawowej nr 1 w Legionowie b\u0119dzie zbiera\u0107 do puszek dobrowolne datki na ma\u0142ego Bartusia J\u0119drasika chorego na rdzeniowy zanik mi\u0119\u015bni \u2013 SMA2. Bartoszek potrzebuje terapii genowej, kt\u00f3r\u0105 mo\u017cna poda\u0107 do 13,5 kg wagi dziecka. Pozosta\u0142o jeszcze 3 kg do g\u00f3rnej granicy. Trzeba si\u0119 spieszy\u0107.<br \/>\n7. W przysz\u0142\u0105 niedziel\u0119 na Mszy \u015bwi\u0119tej o godz. 12.30 go\u015bci\u0107 b\u0119dziemy zesp\u00f3\u0142 muzyczny \u2013 M\u0142odzie\u017c 50 + ze Stanis\u0142awowa Drugiego, kt\u00f3ry zapewni opraw\u0119 muzyczn\u0105 Mszy \u015bwi\u0119tej a po zako\u0144czeniu Eucharystii da koncert kol\u0119d. Serdecznie zapraszamy na wsp\u00f3lne kol\u0119dowanie.<br \/>\n8. Zaprzyja\u017anione biuro pielgrzymkowe Kr\u00f3lowa Pokoju z Legionowa, zaprasza na pielgrzymk\u0119 do Ziemi \u015awi\u0119tej w dniach 24.02-03.03.2023. Wi\u0119cej informacji na plakacie w gablocie. Je\u015bli kto\u015b by\u0142by ch\u0119tny to zapraszamy na spotkanie w przysz\u0142\u0105 niedziel\u0119 o godz. 17.00 w salce pod zakrysti\u0105.<br \/>\n9. Za nami tydzie\u0144 wizyt duszpasterskich czyli Kol\u0119dy. Bardzo serdecznie dzi\u0119kujemy tym mieszka\u0144com, kt\u00f3rzy otworzyli drzwi swoich dom\u00f3w i mieszka\u0144 za \u017cyczliwe przyj\u0119cie; a tym, kt\u00f3rzy odm\u00f3wili, za kulturaln\u0105 odmow\u0119 wizyty. Dzi\u0119kujemy Panom Miros\u0142awowi Rurce, Robertowi Zaj\u0105cowi i Mateuszowi Wyrzykowskiemu \u2013 mieszka\u0144com Stanis\u0142awowa Drugiego za nieocenion\u0105 pomoc w podwo\u017ceniu ksi\u0119\u017cy po kol\u0119dzie.<br \/>\nW tym tygodniu odwiedzimy mieszka\u0144c\u00f3w zamieszka\u0142ych przy poszczeg\u00f3lnych ulicach. Podajemy plan do wtorku w\u0142\u0105cznie cho\u0107 w gablocie i na stronie internetowej zamieszczony jest ca\u0142y terminarz kol\u0119dowy.<\/p>\n<p><strong>poniedzia\u0142ek \u2013 09.01.2023<\/strong><br \/>\ngodz. 16.00 &#8211; ul. Stru\u017ca\u0144ska 2E (I klatka) jeden ksi\u0105dz z g\u00f3ry, drugi od parteru<br \/>\n&#8211; ul. \u0141\u0105kowa i przyleg\u0142e do niej<br \/>\n&#8211; ul. Radosna<br \/>\n<strong>wtorek \u2013 10.01.2023<\/strong><br \/>\ngodz. 16.00 &#8211; ul. Stru\u017ca\u0144ska 2E (II klatka) jeden ksi\u0105dz z g\u00f3ry, drugi od parteru<br \/>\n&#8211; ul. Partyzant\u00f3w (numery parzyste)<br \/>\n&#8211; ul. Partyzant\u00f3w (numery nieparzyste)<br \/>\n<strong>\u015broda \u2013 11.01.2023<\/strong><br \/>\ngodz. 16.00 &#8211; ul. Gen. Roi 2, 2A<br \/>\ngodz. 16.00 &#8211; ul. Grudzie (numery parzyste od Warszawskiej do Wodoci\u0105g\u00f3wki)<br \/>\n&#8211; ul. Grudzie (numery parzyste od numeru 36 do numeru 70 A)<br \/>\n<strong>czwartek \u2013 12.01.2023<\/strong><br \/>\ngodz. 16.00 &#8211; ul. Gen. Roi 4, 6, 8<br \/>\n&#8211; ul. Gen. Roi 10, 12<br \/>\ngodz. 16.00 &#8211; ul. Grudzie (numery parzyste od numeru 72 do ko\u0144ca)<br \/>\ngodz. 17.00 &#8211; ul. Orl\u0105t Lwowskich<br \/>\n<strong>pi\u0105tek \u2013 13.01.2023<\/strong><br \/>\ngodz. 16.00 &#8211; ul. Gen. Roi 14, 14A<br \/>\n&#8211; ul. Gen. Roi 16<br \/>\ngodz. 16.00 &#8211; ul. \u0141okietka<br \/>\n&#8211; ul. Krakusa<br \/>\n<strong>sobota \u2013 14.01.2023<\/strong><br \/>\ngodz. 9.00 &#8211; ul. Grudzie (numery nieparzyste od wodoci\u0105g\u00f3wki do nr 41)<br \/>\ni ul. Polna ze Stanis\u0142awowa II<br \/>\n&#8211; ul. Grudzie (numery nieparzyste od nr 41A do ko\u0144ca) oraz ul. Wymarzona<br \/>\n<strong>poniedzia\u0142ek \u2013 16.01.2023<\/strong><br \/>\ngodz. 16.00 &#8211; ul. Wsp\u00f3lna<br \/>\n&#8211; ul. 11 listopada i ul. Podg\u00f3rska<br \/>\ngodz. 16.00 &#8211; ul. Gen. Roi 26<br \/>\n<strong>wtorek \u2013 17.01.2023<\/strong><br \/>\ngodz. 9.00 &#8211; ul. Dolna, ul. Hynka, ul. Kr\u00f3tka<br \/>\ngodz. 16.00 &#8211; ul. Gen. Roi 18, 20<br \/>\n&#8211; ul. Gen. Roi 22, 24<br \/>\ngodz. 16.00 &#8211; ul. Wilcza i ul. Nowa<\/p>\n<p>10. Dzi\u0119kujemy za czwartkowe i sobotnie prace porz\u0105dkowe, za grabienie i zamiatanie. W tym tygodniu w sobot\u0119 r\u00f3wnie\u017c zapraszamy do wsp\u00f3lnej pracy.<\/p>\n","protected":false},"excerpt":{"rendered":"<p>1. Dzisiejsz\u0105 niedziel\u0105 ko\u0144czymy radosny okres Bo\u017cego Narodzenia, cho\u0107 choinki i \u015bpiew kol\u0119d w ograniczonym zakresie b\u0119d\u0105 nam towarzyszy\u0107 do \u015bwi\u0119ta Ofiarowania Pa\u0144skiego 2 lutego. 2. Jeszcze dzisiaj o godz. 10.25 katecheza dla dzieci klas III szko\u0142y podstawowej przed uroczysto\u015bci\u0105 I Komunii \u015bwi\u0119tej a o godz. 16.45 w salce pod zakrysti\u0105 katecheza dla m\u0142odzie\u017cy przed [&hellip;]<\/p>\n","protected":false},"author":1,"featured_media":30657,"comment_status":"closed","ping_status":"closed","sticky":false,"template":"","format":"standard","meta":{"footnotes":""},"categories":[2,14],"tags":[],"class_list":["post-18497","post","type-post","status-publish","format-standard","has-post-thumbnail","hentry","category-aktualnosci","category-ogloszenia-parafialne"],"_links":{"self":[{"href":"https:\/\/mbfatimska.ovh\/index.php\/wp-json\/wp\/v2\/posts\/18497","targetHints":{"allow":["GET"]}}],"collection":[{"href":"https:\/\/mbfatimska.ovh\/index.php\/wp-json\/wp\/v2\/posts"}],"about":[{"href":"https:\/\/mbfatimska.ovh\/index.php\/wp-json\/wp\/v2\/types\/post"}],"author":[{"embeddable":true,"href":"https:\/\/mbfatimska.ovh\/index.php\/wp-json\/wp\/v2\/users\/1"}],"replies":[{"embeddable":true,"href":"https:\/\/mbfatimska.ovh\/index.php\/wp-json\/wp\/v2\/comments?post=18497"}],"version-history":[{"count":0,"href":"https:\/\/mbfatimska.ovh\/index.php\/wp-json\/wp\/v2\/posts\/18497\/revisions"}],"wp:featuredmedia":[{"embeddable":true,"href":"https:\/\/mbfatimska.ovh\/index.php\/wp-json\/wp\/v2\/media\/30657"}],"wp:attachment":[{"href":"https:\/\/mbfatimska.ovh\/index.php\/wp-json\/wp\/v2\/media?parent=18497"}],"wp:term":[{"taxonomy":"category","embeddable":true,"href":"https:\/\/mbfatimska.ovh\/index.php\/wp-json\/wp\/v2\/categories?post=18497"},{"taxonomy":"post_tag","embeddable":true,"href":"https:\/\/mbfatimska.ovh\/index.php\/wp-json\/wp\/v2\/tags?post=18497"}],"curies":[{"name":"wp","href":"https:\/\/api.w.org\/{rel}","templated":true}]}}