{"id":18529,"date":"2023-01-21T22:55:28","date_gmt":"2023-01-21T21:55:28","guid":{"rendered":"https:\/\/www.mbfatimska.pl\/?p=18529"},"modified":"2023-01-21T22:55:28","modified_gmt":"2023-01-21T21:55:28","slug":"iii-niedziela-zwykla-3","status":"publish","type":"post","link":"https:\/\/mbfatimska.ovh\/index.php\/2023\/01\/21\/iii-niedziela-zwykla-3\/","title":{"rendered":"III niedziela zwyk\u0142a"},"content":{"rendered":"<p>1.\tDzisiaj na Mszy \u015bwi\u0119tej o godz. 9.00 go\u015bci\u0107 b\u0119dziemy zesp\u00f3\u0142 muzyczny M\u0142odzie\u017c 50+ ze Stanis\u0142awowa Drugiego, kt\u00f3ry zapewni opraw\u0119 muzyczn\u0105 Mszy \u015bwi\u0119tej oraz po Mszy \u015bwi\u0119tej da kr\u00f3tki koncert kol\u0119d. Serdecznie zapraszamy.<br \/>\n2.\tTrwamy w Tygodniu powszechnej modlitwy o jedno\u015b\u0107 chrze\u015bcijan. To wielka bol\u0105czka, \u017ce jeste\u015bmy podzieleni, cho\u0107 wierzymy w tego samego Boga. M\u00f3dlmy si\u0119 tak jak czyni\u0142 Jezus \u201eaby\u015bmy byli jedno\u201d.<br \/>\n3.\tDzisiejsza niedziela to r\u00f3wnie\u017c Niedziela S\u0142owa Bo\u017cego. Zapraszamy popo\u0142udniu do ko\u015bcio\u0142a na kr\u00f3tk\u0105 adoracj\u0119. W \u015bwi\u0105tyni b\u0119dziemy mogli ws\u0142ucha\u0107 si\u0119 w Ewangeli\u0119 wed\u0142ug \u015bw. Marka i ksi\u0119g\u0119 Dziej\u00f3w Apostolskich. Natomiast za \u0142awkami na stolikach znajduj\u0105 si\u0119 naczynia, przygotowane przez wsp\u00f3lnot\u0119 Odnowy w Duchu \u015awi\u0119tym, z kt\u00f3rych mo\u017cemy ka\u017cdego dnia wylosowa\u0107 dla siebie fragment Pisma \u015awi\u0119tego. Niech to S\u0142owo Bo\u017ce nas przenika i wydaje dobre owoce.<br \/>\n4.\tR\u00f3wnie\u017c w dniu dzisiejszym po Mszy \u015bwi\u0119tej o godz. 11.00 dzieci ze Szko\u0142y Podstawowej nr 8, w\u015br\u00f3d kt\u00f3rych s\u0105 nasi ministranci, schola czy bielanki, zapraszaj\u0105 na jase\u0142ka, by\u015bmy mogli jeszcze raz prze\u017cy\u0107 tajemnic\u0119 Bo\u017cego Narodzenia.<br \/>\n5.\tW dzisiejsz\u0105 niedziel\u0119 odb\u0119d\u0105 si\u0119 nast\u0119puj\u0105ce spotkania:<br \/>\n&#8211; o godz. 10.25 katecheza dla dzieci klas III szko\u0142y podstawowej przed uroczysto\u015bci\u0105 I Komunii \u015bwi\u0119tej,<br \/>\n&#8211; o godz. 16.30 w salce pod zakrysti\u0105 dla m\u0142odzie\u017cy przygotowuj\u0105cej si\u0119 do sakramentu bierzmowania.<br \/>\n6.\tW dniu dzisiejszym dzieci komunijne b\u0119d\u0105 mia\u0142y pobieran\u0105 miar\u0119 na stroje liturgiczne:<br \/>\n&#8211; o godz. 15.00 \u2013 grupa I<br \/>\n&#8211; o godz. 15.45 \u2013 grupa II<br \/>\nPobieranie miary odb\u0119dzie si\u0119 w kawiarence.<br \/>\n7.\tDzisiejsza niedziela to kolejne nabo\u017ce\u0144stwo do \u015bw. Rity. O godz. 17.30 modlitwy do patronki spraw trudnych i beznadziejnych w czasie kt\u00f3rego b\u0119d\u0105 \u015bwi\u0119cone r\u00f3\u017ce, a o godz. 18.00 Msza \u015bwi\u0119ta. R\u00f3\u017ce b\u0119dzie mo\u017cna kupi\u0107 przed nabo\u017ce\u0144stwem. R\u00f3wnie\u017c intencje do \u015bw. Rity z\u0142o\u017cymy pod o\u0142tarzem przed rozpocz\u0119ciem nabo\u017ce\u0144stwa.<br \/>\n8.\tW czwartek w budynku Centrum Pomocy Rodzinie nieodp\u0142atnie b\u0119dzie przyjmowa\u0142 logopeda w godz. 17.00 \u2013 18.00.<br \/>\n9.\tW pi\u0105tek o godz. 18.00 zostanie odprawiona Msza \u015bwi\u0119ta wypominkowa.<br \/>\n10.\tW przysz\u0142\u0105 niedziel\u0119 go\u015bci\u0107 b\u0119dziemy w ko\u015bciele zesp\u00f3\u0142 muzyczny z Ukrainy z miasta Juliusza S\u0142owackiego, z Krzemie\u0144ca. Nasi go\u015bcie zapewni\u0105 opraw\u0119 Mszy \u015bwi\u0119tej oraz po nabo\u017ce\u0144stwie wyst\u0105pi\u0105 z programem kol\u0119d. Przed ko\u015bcio\u0142em b\u0119d\u0105 nas prosi\u0107 o wsparcie na wojn\u0119 z Rosj\u0105, rozprowadzaj\u0105c swoje p\u0142yty i inne przedmioty.<br \/>\n11.\tW dniu dzisiejszym wolontariusze ze Szko\u0142y Podstawowej nr 8, nasi ministranci, schola, bielanki przed ko\u015bcio\u0142em b\u0119d\u0105 zbiera\u0107 do puszek ofiary na rzecz swojej wychowawczyni, kt\u00f3rej w wyniku po\u017caru bardzo powa\u017cnie uleg\u0142 zniszczeniu dom. To pi\u0119kna inicjatywa dzieci, kt\u00f3re my\u015bl\u0105 o swojej Pani i chc\u0105 chocia\u017cby w taki spos\u00f3b pom\u00f3c w dziele odbudowy domu.<br \/>\n12.\tW tym tygodniu ko\u0144czymy kol\u0119d\u0119 &#8211; wizyt\u0119 duszpastersk\u0105. Kto nie m\u00f3g\u0142 nas przyj\u0105\u0107 w wyznaczonym czasie, mo\u017ce to uczyni\u0107, je\u015bli wyra\u017ca ch\u0119\u0107, w pi\u0105tek od godz. 16.00 i w sobot\u0119 od godz. 9.00. Adresy prosz\u0119 poda\u0107 do \u015brody w\u0142\u0105cznie w zakrystii. Bardzo serdecznie dzi\u0119kujemy tym rodzinom, z kt\u00f3rymi mogli\u015bmy po 2 letniej przerwie spotka\u0107 si\u0119, pomodli\u0107 i porozmawia\u0107. Dzi\u0119kujemy za otwarto\u015b\u0107, \u017cyczliwo\u015b\u0107 i szczodro\u015b\u0107. Do tej pory \u015brednio po kol\u0119dzie przyj\u0119\u0142o nas blisko 45% rodzin, kt\u00f3re zamieszkuj\u0105 nasz\u0105 parafi\u0119. Oto plan kol\u0119dy na ten tydzie\u0144:<\/p>\n<p>poniedzia\u0142ek &#8211; 23.01.2023<br \/>\ngodz. 16.00 &#8211; ul. Gen. Roi 38 (klatka IV, V, VI \u2013 numery ko\u0144cowe)<br \/>\ngodz. 16.00 &#8211; ul. S\u0142oneczna (numery parzyste)<br \/>\ngodz. 16.00 &#8211; ul. S\u0142oneczna (numery nieparzyste) i ul. Gen. Roi (domki jednorodzinne)<\/p>\n<p>wtorek \u2013 24.01.2023<br \/>\ngodz. 16.00 &#8211; ul. Gen. Roi 40 (klatka I, II, III)<br \/>\ngodz. 16.00 &#8211; ul. Plantowa<br \/>\n&#8211; ul. Zaciszna i ul. Spacerowa<\/p>\n<p>\u015broda \u2013 25.01.2023<br \/>\ngodz. 16.00 &#8211; ul. Gen. Roi 40 (klatka IV, V, VI)<br \/>\n&#8211; ul. Polna (numery parzyste)<br \/>\n&#8211; ul. Polna (numery nieparzyste)<\/p>\n<p>czwartek \u2013 26.01.2023<br \/>\ngodz. 16.00 &#8211; ul. Stru\u017ca\u0144ska (numery nieparzyste) i ul. Stwosza<br \/>\ngodz. 17.00 &#8211; ul. Stru\u017ca\u0144ska (numery parzyste)<\/p>\n<p>pi\u0105tek \u2013 27.01.2023<br \/>\ngodz. 16.00 &#8211; ul. Tatrza\u0144ska i ul. Kr\u0119ta<br \/>\ngodz. 16.00 \u2013 kol\u0119da dodatkowa<\/p>\n<p>sobota \u2013 28.01.2023<br \/>\ngodz. 9.00 \u2013 kol\u0119da dodatkowa<\/p>\n","protected":false},"excerpt":{"rendered":"<p>1. Dzisiaj na Mszy \u015bwi\u0119tej o godz. 9.00 go\u015bci\u0107 b\u0119dziemy zesp\u00f3\u0142 muzyczny M\u0142odzie\u017c 50+ ze Stanis\u0142awowa Drugiego, kt\u00f3ry zapewni opraw\u0119 muzyczn\u0105 Mszy \u015bwi\u0119tej oraz po Mszy \u015bwi\u0119tej da kr\u00f3tki koncert kol\u0119d. Serdecznie zapraszamy. 2. Trwamy w Tygodniu powszechnej modlitwy o jedno\u015b\u0107 chrze\u015bcijan. To wielka bol\u0105czka, \u017ce jeste\u015bmy podzieleni, cho\u0107 wierzymy w tego samego Boga. M\u00f3dlmy [&hellip;]<\/p>\n","protected":false},"author":1,"featured_media":30657,"comment_status":"closed","ping_status":"closed","sticky":false,"template":"","format":"standard","meta":{"footnotes":""},"categories":[2,14],"tags":[],"class_list":["post-18529","post","type-post","status-publish","format-standard","has-post-thumbnail","hentry","category-aktualnosci","category-ogloszenia-parafialne"],"_links":{"self":[{"href":"https:\/\/mbfatimska.ovh\/index.php\/wp-json\/wp\/v2\/posts\/18529","targetHints":{"allow":["GET"]}}],"collection":[{"href":"https:\/\/mbfatimska.ovh\/index.php\/wp-json\/wp\/v2\/posts"}],"about":[{"href":"https:\/\/mbfatimska.ovh\/index.php\/wp-json\/wp\/v2\/types\/post"}],"author":[{"embeddable":true,"href":"https:\/\/mbfatimska.ovh\/index.php\/wp-json\/wp\/v2\/users\/1"}],"replies":[{"embeddable":true,"href":"https:\/\/mbfatimska.ovh\/index.php\/wp-json\/wp\/v2\/comments?post=18529"}],"version-history":[{"count":0,"href":"https:\/\/mbfatimska.ovh\/index.php\/wp-json\/wp\/v2\/posts\/18529\/revisions"}],"wp:featuredmedia":[{"embeddable":true,"href":"https:\/\/mbfatimska.ovh\/index.php\/wp-json\/wp\/v2\/media\/30657"}],"wp:attachment":[{"href":"https:\/\/mbfatimska.ovh\/index.php\/wp-json\/wp\/v2\/media?parent=18529"}],"wp:term":[{"taxonomy":"category","embeddable":true,"href":"https:\/\/mbfatimska.ovh\/index.php\/wp-json\/wp\/v2\/categories?post=18529"},{"taxonomy":"post_tag","embeddable":true,"href":"https:\/\/mbfatimska.ovh\/index.php\/wp-json\/wp\/v2\/tags?post=18529"}],"curies":[{"name":"wp","href":"https:\/\/api.w.org\/{rel}","templated":true}]}}