{"id":18550,"date":"2023-01-23T11:10:41","date_gmt":"2023-01-23T10:10:41","guid":{"rendered":"https:\/\/www.mbfatimska.pl\/?p=18550"},"modified":"2023-01-23T11:10:41","modified_gmt":"2023-01-23T10:10:41","slug":"podsumowanie-rorat-06-01-2023","status":"publish","type":"post","link":"https:\/\/mbfatimska.ovh\/index.php\/2023\/01\/23\/podsumowanie-rorat-06-01-2023\/","title":{"rendered":"Podsumowanie Rorat. 06.01.2023"},"content":{"rendered":"<p>6 stycznia, po mszy \u015bwi\u0119tej o godzinie 11:00 odby\u0142o si\u0119 spotkanie i podsumowanie udzia\u0142u dzieci we mszach \u015bwi\u0119tych roratnich. Dzieci, kt\u00f3re bardzo odpowiedzialnie i punktualnie uczestniczy\u0142y we wszystkich tych mszach spotka\u0142y si\u0119 dzisiaj z ksi\u0119dzem proboszczem i wsp\u00f3lnie dokona\u0142y podsumowania rorat 2022. Ksi\u0105dz proboszcz r\u00f3wnie\u017c przygotowa\u0142 si\u0119 do tego spotkania i wszystkie pi\u0119\u0107dziesi\u0119cioro dzieci nagrodzonych zosta\u0142o pami\u0105tkowymi albumami, grami rodzinnymi oraz okoliczno\u015bciowymi dyplomami. Wszystkim dzieciom oraz ich rodzicom i opiekunom serdecznie gratulujemy wytrwa\u0142o\u015bci w uczestnictwie we mszach oraz wiary b\u0119d\u0105cej przyk\u0142adem dla wszystkich ludzi. B\u00f3g zap\u0142a\u0107!<\/p>\n<p><a href=\"https:\/\/www.mbfatimska.pl\/posumowanie-rorat-06-01-2023\/\" target=\"_blank\" rel=\"noopener\">Galeria zdj\u0119\u0107<\/a><\/p>\n","protected":false},"excerpt":{"rendered":"<p>6 stycznia, po mszy \u015bwi\u0119tej o godzinie 11:00 odby\u0142o si\u0119 spotkanie i podsumowanie udzia\u0142u dzieci we mszach \u015bwi\u0119tych roratnich. Dzieci, kt\u00f3re bardzo odpowiedzialnie i punktualnie uczestniczy\u0142y we wszystkich tych mszach spotka\u0142y si\u0119 dzisiaj z ksi\u0119dzem proboszczem i wsp\u00f3lnie dokona\u0142y podsumowania rorat 2022. Ksi\u0105dz proboszcz r\u00f3wnie\u017c przygotowa\u0142 si\u0119 do tego spotkania i wszystkie pi\u0119\u0107dziesi\u0119cioro dzieci nagrodzonych [&hellip;]<\/p>\n","protected":false},"author":1,"featured_media":18548,"comment_status":"closed","ping_status":"closed","sticky":false,"template":"","format":"standard","meta":{"footnotes":""},"categories":[2],"tags":[],"class_list":["post-18550","post","type-post","status-publish","format-standard","has-post-thumbnail","hentry","category-aktualnosci"],"_links":{"self":[{"href":"https:\/\/mbfatimska.ovh\/index.php\/wp-json\/wp\/v2\/posts\/18550","targetHints":{"allow":["GET"]}}],"collection":[{"href":"https:\/\/mbfatimska.ovh\/index.php\/wp-json\/wp\/v2\/posts"}],"about":[{"href":"https:\/\/mbfatimska.ovh\/index.php\/wp-json\/wp\/v2\/types\/post"}],"author":[{"embeddable":true,"href":"https:\/\/mbfatimska.ovh\/index.php\/wp-json\/wp\/v2\/users\/1"}],"replies":[{"embeddable":true,"href":"https:\/\/mbfatimska.ovh\/index.php\/wp-json\/wp\/v2\/comments?post=18550"}],"version-history":[{"count":0,"href":"https:\/\/mbfatimska.ovh\/index.php\/wp-json\/wp\/v2\/posts\/18550\/revisions"}],"wp:featuredmedia":[{"embeddable":true,"href":"https:\/\/mbfatimska.ovh\/index.php\/wp-json\/wp\/v2\/media\/18548"}],"wp:attachment":[{"href":"https:\/\/mbfatimska.ovh\/index.php\/wp-json\/wp\/v2\/media?parent=18550"}],"wp:term":[{"taxonomy":"category","embeddable":true,"href":"https:\/\/mbfatimska.ovh\/index.php\/wp-json\/wp\/v2\/categories?post=18550"},{"taxonomy":"post_tag","embeddable":true,"href":"https:\/\/mbfatimska.ovh\/index.php\/wp-json\/wp\/v2\/tags?post=18550"}],"curies":[{"name":"wp","href":"https:\/\/api.w.org\/{rel}","templated":true}]}}