{"id":18806,"date":"2023-02-05T07:45:15","date_gmt":"2023-02-05T06:45:15","guid":{"rendered":"https:\/\/www.mbfatimska.pl\/?p=18806"},"modified":"2023-02-05T07:45:15","modified_gmt":"2023-02-05T06:45:15","slug":"v-niedziela-zwykla","status":"publish","type":"post","link":"https:\/\/mbfatimska.ovh\/index.php\/2023\/02\/05\/v-niedziela-zwykla\/","title":{"rendered":"V niedziela zwyk\u0142a"},"content":{"rendered":"<p>1.\tW ubieg\u0142y czwartek, 2 lutego, odby\u0142 si\u0119 w naszej parafii wiecz\u00f3r uwielbienia z Matk\u0105 Bo\u017c\u0105. Dzi\u0119kujemy wsp\u00f3lnocie Odnowa w Duchu \u015awi\u0119tym za przygotowanie i przeprowadzenie tego wydarzenia. Wiele otrzymali\u015bmy pochlebnych wiadomo\u015bci i g\u0142os\u00f3w za niebywa\u0142\u0105 atmosfer\u0119 i tre\u015bci wieczoru uwielbienia. Bardzo serdecznie dzi\u0119kujemy.<br \/>\n2.\tDzi\u0119kujemy r\u00f3wnie\u017c za pi\u0105tkowe rozbieranie dekoracji \u015bwi\u0105tecznych. Dzi\u0119kujemy Paniom i Panom za ch\u0119ci i trud niesienia siebie, dawania siebie wsp\u00f3lnocie parafialnej, a nie zamykanie si\u0119 w skorupie w\u0142asnego ego.<br \/>\n3.\tDzisiaj I niedziela miesi\u0105ca. Po Mszy \u015bwi\u0119tej o godz. 12.30 wystawienie Naj\u015bwi\u0119tszego Sakramentu i adoracja do godz. 17.45. W czasie adoracji zach\u0119camy do si\u0119gni\u0119cia po S\u0142owo Bo\u017ce. Na stolikach za \u0142awkami wy\u0142o\u017cone s\u0105 egzemplarze Pisma \u015awi\u0119tego, aby po nie si\u0119ga\u0107, czyta\u0107 i rozwa\u017ca\u0107.<br \/>\n4.\tJeszcze dzisiaj odb\u0119d\u0105 si\u0119 nast\u0119puj\u0105ce spotkania:<br \/>\n&#8211; o godz. 16.30 w salce pod zakrysti\u0105 dla m\u0142odzie\u017cy przed sakramentem bierzmowania<br \/>\n&#8211; o godz. 19.00 w ko\u015bciele dla rodzic\u00f3w dzieci komunijnych.<br \/>\n5.\tW poniedzia\u0142ek w nowopowsta\u0142ym budynku Centrum Wsparcia Fizycznego w godz. 18.00-20.00 nieodp\u0142atnie b\u0119dzie przyjmowa\u0142 psycholog.<br \/>\n6.\tWe wtorek obchodzi\u0107 b\u0119dziemy \u015bwi\u0119to patronalne naszego Ksi\u0119dza biskupa ordynariusza Romualda Kami\u0144skiego. Pami\u0119tajmy o solenizancie w naszych modlitwach.<br \/>\n7.\tW sobot\u0119 liturgiczne wspomnienie Matki Bo\u017cej z Lourdes obchodzi\u0107 b\u0119dziemy \u015bwiatowy Dzie\u0144 chorych. Zapraszamy osoby chore, cierpi\u0105ce wraz z opiekunami na Msz\u0119 \u015bwi\u0119t\u0105 o godz. 9.00 i 18.00, w czasie kt\u00f3rych b\u0119dziemy je poleca\u0107 opiece Matki Bo\u017cej. W czasie Mszy \u015bwi\u0119tej zostanie tym osobom udzielony sakrament chorych.<br \/>\n8.\tJu\u017c za tydzie\u0144 ferie zimowe dla dzieci i m\u0142odzie\u017cy. Zach\u0119camy dzieci do skorzystania w czasie wolnym od zaj\u0119\u0107 z naszej \u015bwietlicy. Zaj\u0119cia b\u0119d\u0105 si\u0119 odbywa\u0107 od poniedzia\u0142ku do pi\u0105tku w godz. 9.00-14.00. W czasie funkcjonowania \u015bwietlicy b\u0119d\u0105 wyjazdy do kina, na wycieczki czy r r\u00f3\u017cnego rodzaju gry, zabawy, zaj\u0119cia plastyczne i sportowe. Zadanie jest dofinansowane przez Urz\u0105d Miasta Legionowo.<br \/>\n9.\t18 lutego w godz. 10.00-15.00 w sali tanecznej Fundacji Pasji \u017bycia odb\u0119d\u0105 si\u0119 warsztaty ta\u0144c\u00f3w integracyjnych i dobrej zabawy. Dodatkowe informacje znajduj\u0105 si\u0119 na plakacie w gablocie.<br \/>\n10.\tW ubieg\u0142ym tygodniu zako\u0144czyli\u015bmy kol\u0119d\u0119 \u2013 wizyt\u0119 duszpastersk\u0105. Nasza parafia liczy 5252 osoby \u2013 nie koniecznie wierz\u0105ce osoby. W\u015br\u00f3d tych os\u00f3b jest blisko 1800 rodzin (pe\u0142ne rodziny, b\u0105d\u017a osoby samotne). Dzi\u0119kujemy tym, kt\u00f3rzy nas przyj\u0119li, z nami si\u0119 modlili i przyj\u0119li Bo\u017ce b\u0142ogos\u0142awie\u0144stwo. Dzi\u0119kujemy za z\u0142o\u017cone ofiary, kt\u00f3re przyczyni\u0105 si\u0119 do ubogacenia naszej \u015bwi\u0105tyni i na nowe inwestycje parafialne.<br \/>\n11.\tW wakacje, w dniach 23-29 lipca 2023 organizujemy wakacyjny wyjazd na Mazury nieopodal Olsztyna. B\u0119dziemy w o\u015brodku z krytym basenem, z kr\u0119glami, sal\u0105 zabaw, boiskami ze sztuczn\u0105 nawierzchni\u0105 i prywatnym jeziorem. W czasie wyjazdu b\u0119dzie wycieczka do Stoczka Warmi\u0144skiego, Skansenu Wsi w Olsztynku, do Nidzicy, P\u00f3l Grunwaldzkich, zwiedzanie Olsztyna, obserwatorium  astronomicznego i wiele jeszcze innych atrakcji. Zapisy po feriach zimowych, w niedziel\u0119 26 lutego po Mszy \u015bwi\u0119tej o godz. 18.00 w ko\u015bciele.<br \/>\n12.\tHarcerze przed przerw\u0105 zimow\u0105 zapraszaj\u0105 nas do kawiarenki na w\u0142asnor\u0119cznie wykonane ciasto, gofry, kaw\u0119 i herbat\u0119.<br \/>\n13.\tZbli\u017ca si\u0119 czas rozlicze\u0144 podatkowych. Zach\u0119camy aby w tym roku przekaza\u0107 ze swych podatk\u00f3w 1,5% na rzecz naszego Legionowskiego Stowarzyszenia AMICUS, kt\u00f3re opiekuje si\u0119 osobami niepe\u0142nosprawnymi, seniorami i dzie\u0107mi, prowadzi porady prawne, psychologiczne, wypo\u017cyczalni\u0119 sprz\u0119tu rehabilitacyjnego, gabinety fizykoterapii i wiele jeszcze innych dzie\u0142. Numer KRS potrzebny do przekazania 1,5% zamieszczony jest w biuletynie parafialnym i na ulotkach za \u0142awkami. Mi\u0142o by\u0142oby gdyby ten dar zasili\u0142 konto funkcjonowania Stowarzyszenia.<\/p>\n","protected":false},"excerpt":{"rendered":"<p>1. W ubieg\u0142y czwartek, 2 lutego, odby\u0142 si\u0119 w naszej parafii wiecz\u00f3r uwielbienia z Matk\u0105 Bo\u017c\u0105. Dzi\u0119kujemy wsp\u00f3lnocie Odnowa w Duchu \u015awi\u0119tym za przygotowanie i przeprowadzenie tego wydarzenia. Wiele otrzymali\u015bmy pochlebnych wiadomo\u015bci i g\u0142os\u00f3w za niebywa\u0142\u0105 atmosfer\u0119 i tre\u015bci wieczoru uwielbienia. Bardzo serdecznie dzi\u0119kujemy. 2. Dzi\u0119kujemy r\u00f3wnie\u017c za pi\u0105tkowe rozbieranie dekoracji \u015bwi\u0105tecznych. Dzi\u0119kujemy Paniom i [&hellip;]<\/p>\n","protected":false},"author":1,"featured_media":30657,"comment_status":"closed","ping_status":"closed","sticky":false,"template":"","format":"standard","meta":{"footnotes":""},"categories":[2,14],"tags":[],"class_list":["post-18806","post","type-post","status-publish","format-standard","has-post-thumbnail","hentry","category-aktualnosci","category-ogloszenia-parafialne"],"_links":{"self":[{"href":"https:\/\/mbfatimska.ovh\/index.php\/wp-json\/wp\/v2\/posts\/18806","targetHints":{"allow":["GET"]}}],"collection":[{"href":"https:\/\/mbfatimska.ovh\/index.php\/wp-json\/wp\/v2\/posts"}],"about":[{"href":"https:\/\/mbfatimska.ovh\/index.php\/wp-json\/wp\/v2\/types\/post"}],"author":[{"embeddable":true,"href":"https:\/\/mbfatimska.ovh\/index.php\/wp-json\/wp\/v2\/users\/1"}],"replies":[{"embeddable":true,"href":"https:\/\/mbfatimska.ovh\/index.php\/wp-json\/wp\/v2\/comments?post=18806"}],"version-history":[{"count":0,"href":"https:\/\/mbfatimska.ovh\/index.php\/wp-json\/wp\/v2\/posts\/18806\/revisions"}],"wp:featuredmedia":[{"embeddable":true,"href":"https:\/\/mbfatimska.ovh\/index.php\/wp-json\/wp\/v2\/media\/30657"}],"wp:attachment":[{"href":"https:\/\/mbfatimska.ovh\/index.php\/wp-json\/wp\/v2\/media?parent=18806"}],"wp:term":[{"taxonomy":"category","embeddable":true,"href":"https:\/\/mbfatimska.ovh\/index.php\/wp-json\/wp\/v2\/categories?post=18806"},{"taxonomy":"post_tag","embeddable":true,"href":"https:\/\/mbfatimska.ovh\/index.php\/wp-json\/wp\/v2\/tags?post=18806"}],"curies":[{"name":"wp","href":"https:\/\/api.w.org\/{rel}","templated":true}]}}