{"id":18817,"date":"2023-02-16T13:21:12","date_gmt":"2023-02-16T12:21:12","guid":{"rendered":"https:\/\/www.mbfatimska.pl\/?p=18817"},"modified":"2023-02-16T13:21:12","modified_gmt":"2023-02-16T12:21:12","slug":"spotkania-grup-parafialnych","status":"publish","type":"post","link":"https:\/\/mbfatimska.ovh\/index.php\/2023\/02\/16\/spotkania-grup-parafialnych\/","title":{"rendered":"Spotkania Grup Parafialnych"},"content":{"rendered":"<p>Poni\u017cej przedstawiamy harmonogram spotka\u0144 naszych Grup Parafialnych<\/p>\n<p>Odnowa w Duchu \u015awi\u0119tym<br \/>\nPoniedzia\u0142ek po ostatniej Mszy \u015awi\u0119tej wieczornej \u2013 salka pod zakrysti\u0105<\/p>\n<p>Wsp\u00f3lnota Mi\u0142osierdzia Bo\u017cego<br \/>\nCzwartek po ostatniej Mszy \u015awi\u0119tej wieczornej \u2013 kawiarenka<\/p>\n<p>Domowy Ko\u015bci\u00f3\u0142<br \/>\nCzas spotka\u0144 ka\u017cdorazowo ustalany przez cz\u0142onk\u00f3w grupy, miejscem spotka\u0144 s\u0105 domy poszczeg\u00f3lnych rodzin nale\u017c\u0105cych do grupy<\/p>\n<p>Oaza<br \/>\nNiedziela po ostatniej Mszy \u015awi\u0119tej wieczornej \u2013 salka pod zakrysti\u0105<\/p>\n<p>Schola Fatima Canta<br \/>\nPi\u0105tek godzina 17:30 \u2013 salka pod zakrysti\u0105<br \/>\nMinistranci<br \/>\nSobota godzina 10:00 \u2013 salka pod zakrysti\u0105<\/p>\n<p>Duszpasterstwo Przedsi\u0119biorc\u00f3w \u201eTALENT<br \/>\nIV wtorek miesi\u0105ca po Mszy \u015awi\u0119tej o godzinie 18:00 \u2013 kawiarenka<\/p>\n<p>K\u00f3\u0142ka \u017bywego R\u00f3\u017ca\u0144ca<br \/>\nPierwsza niedziela miesi\u0105ca po Mszy \u015awi\u0119tej o godz. 12:30 \u2013 salka pod zakrysti\u0105<\/p>\n<p>Wsp\u00f3lnota dla Intronizacji Naj\u015bwi\u0119tszego Serca Pana Jezusa<br \/>\nPierwszy czwartek miesi\u0105ca po ostatniej Mszy \u015awi\u0119tej wieczornej<\/p>\n<p>Rycerze \u015awi\u0119tego Jana Paw\u0142a II<br \/>\nPierwsza sobota miesi\u0105ca po ostatniej Mszy \u015awi\u0119tej wieczornej<\/p>\n","protected":false},"excerpt":{"rendered":"<p>Poni\u017cej przedstawiamy harmonogram spotka\u0144 naszych Grup Parafialnych Odnowa w Duchu \u015awi\u0119tym Poniedzia\u0142ek po ostatniej Mszy \u015awi\u0119tej wieczornej \u2013 salka pod zakrysti\u0105 Wsp\u00f3lnota Mi\u0142osierdzia Bo\u017cego Czwartek po ostatniej Mszy \u015awi\u0119tej wieczornej \u2013 kawiarenka Domowy Ko\u015bci\u00f3\u0142 Czas spotka\u0144 ka\u017cdorazowo ustalany przez cz\u0142onk\u00f3w grupy, miejscem spotka\u0144 s\u0105 domy poszczeg\u00f3lnych rodzin nale\u017c\u0105cych do grupy Oaza Niedziela po ostatniej Mszy [&hellip;]<\/p>\n","protected":false},"author":1,"featured_media":17635,"comment_status":"closed","ping_status":"closed","sticky":false,"template":"","format":"standard","meta":{"footnotes":""},"categories":[7,8,10,13,16,17,18,19],"tags":[],"class_list":["post-18817","post","type-post","status-publish","format-standard","has-post-thumbnail","hentry","category-grupa-przedsiebiorcow","category-kola-rozancowe","category-kosciol-domowy","category-odnowa-w-duchu-swietym","category-przymierze-milosierdzia","category-rycerze-jp-ii","category-sluzba-liturgiczna","category-wspolnota-dla-intronizacji"],"_links":{"self":[{"href":"https:\/\/mbfatimska.ovh\/index.php\/wp-json\/wp\/v2\/posts\/18817","targetHints":{"allow":["GET"]}}],"collection":[{"href":"https:\/\/mbfatimska.ovh\/index.php\/wp-json\/wp\/v2\/posts"}],"about":[{"href":"https:\/\/mbfatimska.ovh\/index.php\/wp-json\/wp\/v2\/types\/post"}],"author":[{"embeddable":true,"href":"https:\/\/mbfatimska.ovh\/index.php\/wp-json\/wp\/v2\/users\/1"}],"replies":[{"embeddable":true,"href":"https:\/\/mbfatimska.ovh\/index.php\/wp-json\/wp\/v2\/comments?post=18817"}],"version-history":[{"count":0,"href":"https:\/\/mbfatimska.ovh\/index.php\/wp-json\/wp\/v2\/posts\/18817\/revisions"}],"wp:featuredmedia":[{"embeddable":true,"href":"https:\/\/mbfatimska.ovh\/index.php\/wp-json\/wp\/v2\/media\/17635"}],"wp:attachment":[{"href":"https:\/\/mbfatimska.ovh\/index.php\/wp-json\/wp\/v2\/media?parent=18817"}],"wp:term":[{"taxonomy":"category","embeddable":true,"href":"https:\/\/mbfatimska.ovh\/index.php\/wp-json\/wp\/v2\/categories?post=18817"},{"taxonomy":"post_tag","embeddable":true,"href":"https:\/\/mbfatimska.ovh\/index.php\/wp-json\/wp\/v2\/tags?post=18817"}],"curies":[{"name":"wp","href":"https:\/\/api.w.org\/{rel}","templated":true}]}}