{"id":18832,"date":"2023-02-16T13:36:34","date_gmt":"2023-02-16T12:36:34","guid":{"rendered":"https:\/\/www.mbfatimska.pl\/?p=18832"},"modified":"2023-02-16T13:36:34","modified_gmt":"2023-02-16T12:36:34","slug":"informacje-dla-rodzicow-dzieci-komunijnych","status":"publish","type":"post","link":"https:\/\/mbfatimska.ovh\/index.php\/2023\/02\/16\/informacje-dla-rodzicow-dzieci-komunijnych\/","title":{"rendered":"Informacje dla rodzic\u00f3w dzieci komunijnych"},"content":{"rendered":"<p><strong>Informacje dla rodzic\u00f3w dzieci pragn\u0105cych przyst\u0105pi\u0107 do Sakramentu Pierwszej Komunii \u015awi\u0119tej<\/strong><\/p>\n<p><strong>Wielki Post<\/strong>: \u015aroda Popielcowa &#8211; 22.02.2023<br \/>\nMsza \u015awi\u0119ta dla dzieci o godzinie 16:30<br \/>\n<strong>Droga Krzy\u017cowa<\/strong>:<br \/>\nPi\u0105tki \u2013 16:30 (min. 3 razy)<br \/>\nGorzkie \u017bale:<br \/>\nNiedziela \u2013 17:15 (min. 2 razy)<br \/>\n<strong>Rekolekcje Wielkopostne<\/strong> 30 i 31 marca oraz 1 kwietnia<br \/>\n30 marca \u2013 czwartek godz. 16:30<br \/>\ndzieci otrzymuj\u0105 ksi\u0105\u017ceczki do nabo\u017ce\u0144stwa<br \/>\n31 marca \u2013 pi\u0105tek godz. 16:30<br \/>\ndzieci otrzymuj\u0105 ksi\u0105\u017ceczki na I pi\u0105tki miesi\u0105ca<br \/>\n1 kwietnia \u2013 sobota godz. 16:30<br \/>\ndzieci otrzymuj\u0105 albumiki o Ziemi \u015awi\u0119tej<\/p>\n<p>&nbsp;<\/p>\n<p><strong>UWAGI<\/strong><\/p>\n<p>&nbsp;<\/p>\n<ul>\n<li>Prosz\u0119 o do\u0142o\u017cenie stara\u0144 odno\u015bnie uczestnictwa dzieci we Mszach \u015awi\u0119tych i Nabo\u017ce\u0144stwach.<\/li>\n<li>Nie wszystkie dzieci uczestnicz\u0105 w niedzielnych katechezach<\/li>\n<li>Po \u015awi\u0119tach Wielkanocnych rozpocznie si\u0119 czas rozm\u00f3w dzieci i rodzic\u00f3w z ksi\u0119dzem przed uroczysto\u015bciami Pierwszej Komunii \u015awi\u0119tej (terminy spotka\u0144 podane zostan\u0105 na nast\u0119pnym spotkaniu).<\/li>\n<li>Ze wzgl\u0119du na ferie zimowe, w przysz\u0142\u0105 niedziel\u0119 nie odb\u0119dzie si\u0119 katecheza. Nast\u0119pna katecheza w IV niedziel\u0119 miesi\u0105ca (bez zmian)<\/li>\n<\/ul>\n","protected":false},"excerpt":{"rendered":"<p>Informacje dla rodzic\u00f3w dzieci pragn\u0105cych przyst\u0105pi\u0107 do Sakramentu Pierwszej Komunii \u015awi\u0119tej Wielki Post: \u015aroda Popielcowa &#8211; 22.02.2023 Msza \u015awi\u0119ta dla dzieci o godzinie 16:30 Droga Krzy\u017cowa: Pi\u0105tki \u2013 16:30 (min. 3 razy) Gorzkie \u017bale: Niedziela \u2013 17:15 (min. 2 razy) Rekolekcje Wielkopostne 30 i 31 marca oraz 1 kwietnia 30 marca \u2013 czwartek godz. 16:30 [&hellip;]<\/p>\n","protected":false},"author":1,"featured_media":17560,"comment_status":"closed","ping_status":"closed","sticky":false,"template":"","format":"standard","meta":{"footnotes":""},"categories":[2,9],"tags":[],"class_list":["post-18832","post","type-post","status-publish","format-standard","has-post-thumbnail","hentry","category-aktualnosci","category-komunia"],"_links":{"self":[{"href":"https:\/\/mbfatimska.ovh\/index.php\/wp-json\/wp\/v2\/posts\/18832","targetHints":{"allow":["GET"]}}],"collection":[{"href":"https:\/\/mbfatimska.ovh\/index.php\/wp-json\/wp\/v2\/posts"}],"about":[{"href":"https:\/\/mbfatimska.ovh\/index.php\/wp-json\/wp\/v2\/types\/post"}],"author":[{"embeddable":true,"href":"https:\/\/mbfatimska.ovh\/index.php\/wp-json\/wp\/v2\/users\/1"}],"replies":[{"embeddable":true,"href":"https:\/\/mbfatimska.ovh\/index.php\/wp-json\/wp\/v2\/comments?post=18832"}],"version-history":[{"count":0,"href":"https:\/\/mbfatimska.ovh\/index.php\/wp-json\/wp\/v2\/posts\/18832\/revisions"}],"wp:featuredmedia":[{"embeddable":true,"href":"https:\/\/mbfatimska.ovh\/index.php\/wp-json\/wp\/v2\/media\/17560"}],"wp:attachment":[{"href":"https:\/\/mbfatimska.ovh\/index.php\/wp-json\/wp\/v2\/media?parent=18832"}],"wp:term":[{"taxonomy":"category","embeddable":true,"href":"https:\/\/mbfatimska.ovh\/index.php\/wp-json\/wp\/v2\/categories?post=18832"},{"taxonomy":"post_tag","embeddable":true,"href":"https:\/\/mbfatimska.ovh\/index.php\/wp-json\/wp\/v2\/tags?post=18832"}],"curies":[{"name":"wp","href":"https:\/\/api.w.org\/{rel}","templated":true}]}}