{"id":18882,"date":"2023-03-12T07:02:34","date_gmt":"2023-03-12T06:02:34","guid":{"rendered":"https:\/\/www.mbfatimska.pl\/?p=18882"},"modified":"2023-03-12T07:02:34","modified_gmt":"2023-03-12T06:02:34","slug":"iii-niedziela-wielkiego-postu-3","status":"publish","type":"post","link":"https:\/\/mbfatimska.ovh\/index.php\/2023\/03\/12\/iii-niedziela-wielkiego-postu-3\/","title":{"rendered":"III niedziela Wielkiego Postu"},"content":{"rendered":"<p>1.\tJeszcze dzisiaj odb\u0119d\u0105 si\u0119 nast\u0119puj\u0105ce spotkania:<br \/>\n&#8211; o godz. 10.25 dla dzieci klas III szko\u0142y podstawowej przed I Komuni\u0105 \u015bwi\u0119t\u0105<br \/>\n-o godz. 16.00 dla m\u0142odzie\u017cy przed sakramentem bierzmowania<br \/>\n2.\tR\u00f3wnie\u017c dzisiaj o godz. 19.00 w ko\u015bciele odb\u0119dzie si\u0119 spotkanie dla os\u00f3b zainteresowanych pielgrzymk\u0105 do Turcji na prze\u0142omie wrze\u015bnia i pa\u017adziernika 2023 \u2013 szlakiem 7 ko\u015bcio\u0142\u00f3w Apokalipsy i na spotkanie ze \u015bw. Paw\u0142em.<br \/>\n3.\tJeszcze dzisiaj zapraszamy na godz. 21.00 do ko\u015bcio\u0142a na modlitw\u0119 r\u00f3\u017ca\u0144cow\u0105 w obronie \u015bw. Jana Paw\u0142a II. On nas broni\u0142, wywalczy\u0142 wolno\u015b\u0107 a my dzisiaj mamy walczy\u0107 o dobre imi\u0119 naszego wielkiego \u015awi\u0119tego rodaka. Zapraszamy. Przyjd\u017amy w godzinie Apelu Jasnog\u00f3rskiego i polecajmy t\u0119 intencj\u0119 Matce Bo\u017cej, kt\u00f3rej sw\u00f3j pontyfikat odda\u0142 w opiek\u0119 \u015bw. Jan Pawe\u0142 II.<br \/>\n4.\tJutro o godz. 7.30 zostanie odprawiona Msza \u015bwi\u0119ta w intencji firm dzia\u0142aj\u0105cych na naszym Legionowskim rynku, w intencji w\u0142a\u015bcicieli, pracownik\u00f3w i ich rodzin, polecaj\u0105c ich przysz\u0142o\u015b\u0107 Matce Bo\u017cej Fatimskiej.<br \/>\n5.\tWe wtorek w godz. 17.00-19.00 w budynku Centrum Wsparcia Fizycznego prawnik nieodp\u0142atnie udziela\u0142 b\u0119dzie porad.<br \/>\n6.\tJu\u017c w najbli\u017csz\u0105 \u015brod\u0119, 15 marca o godz. 18.00 w Sali widowiskowej ratusza odb\u0119d\u0105 si\u0119 konsultacje spo\u0142eczne  w sprawie rozbudowy sieci szybkiej kolei. Bardzo wa\u017cne jest liczne przybycie na to wydarzenie. Zmiany zwi\u0105zane z t\u0105 inwestycj\u0105 PKP mog\u0105 dotkn\u0105\u0107 ka\u017cdego z nas. Ka\u017cda z propozycji linii kolejowej \u2013 na odcinku Warszawa Wschodnia \u2013 Nasielsk (K\u0105tne\/\u015awiercze) ma przechodzi\u0107 przez Legionowo. Skutkiem zaproponowanych przez kolej wariant\u00f3w konieczne b\u0119d\u0105 liczne rozbi\u00f3rki infrastruktury miejskiej ale te\u017c dom\u00f3w prywatnych. Ponadto inwestycja ta poprzez zbli\u017cenie si\u0119 torowisk do naszych nieruchomo\u015bci spowoduje zwi\u0119kszenie ha\u0142asu oraz drga\u0144 od przeje\u017cd\u017caj\u0105cych poci\u0105g\u00f3w. Zach\u0119camy ka\u017cdego mieszka\u0144ca do udzia\u0142u w tych konsultacjach w kt\u00f3rych udzia\u0142 sw\u00f3j zapowiedzieli przedstawiciele inwestora czyli PKP PLK.<br \/>\n7.\tKsi\u0119\u017ca Salezjanie z Legionowa, kt\u00f3rzy prowadz\u0105 szko\u0142\u0119 podstawow\u0105  i liceum, zapraszaj\u0105 na dni otwarte zwi\u0105zane z rekrutacj\u0105 do liceum og\u00f3lnokszta\u0142c\u0105cego. Najbli\u017csze spotkanie w sobot\u0119 18.03 a nast\u0119pnie 01.04 w godz. 10.00-13.00. W liceum b\u0119d\u0105 klasy informatyczne \u2013 cyberbezpiecze\u0144stwo i nowoczesne technologie, klasy humanistyczne \u2013 filozofia, sztuka, z mo\u017cliwo\u015bci\u0105 nauki j\u0119zyk\u00f3w obcych \u2013 angielskiego, hiszpa\u0144skiego czy niemieckiego. Wi\u0119cej informacji na plakacie.<br \/>\n8.\tWsp\u00f3lnota Wojownicy Maryi z Legionowa pragn\u0105 postawi\u0107 na rynku miejskim figur\u0119 Matki Bo\u017cej z Tihaljiny. W tej sprawie trwaj\u0105 konsultacje spo\u0142eczne prowadzone przez Urz\u0105d Miasta Legionowo. Kto by chcia\u0142 poprze\u0107 t\u0119 szczeg\u00f3ln\u0105 ide\u0119, mo\u017ce to uczyni\u0107 przez miejsk\u0105 stron\u0119 internetow\u0105. Konsultacje trwa\u0107 b\u0119d\u0105 do 15 marca do godz. 23.59. Zach\u0119camy do g\u0142osowania.<br \/>\n9.\tW przysz\u0142\u0105 niedziel\u0119 o godz. 10.25 odb\u0119dzie si\u0119 katecheza dla dzieci klas IV szko\u0142y podstawowej przed rocznic\u0105 I Komunii \u015bwi\u0119tej.<br \/>\n10.\tR\u00f3wnie\u017c za tydzie\u0144, 19 marca, zapraszamy na kolejne nabo\u017ce\u0144stwo do \u015bw. J\u00f3zefa, kt\u00f3re b\u0119dzie po\u0142\u0105czone z nabo\u017ce\u0144stwem Gorzkich \u017bali. Co prawda liturgicznie uroczysto\u015b\u0107 \u015bw. J\u00f3zefa w tym roku zosta\u0142o przeniesione na 20 marca, na poniedzia\u0142ek, tym niemniej zapraszamy na nabo\u017ce\u0144stwo w niedziel\u0119.<br \/>\n11.\tHarcerze zapraszaj\u0105 nas na gofry, ciasto w\u0142asnego wypieku, herbat\u0119 i kaw\u0119 do naszej parafialnej kawiarenki.<br \/>\n12.\tDzi\u0119kujemy za pi\u0105tkowe i sobotnie prace porz\u0105dkowe na naszym terenie. Zapraszamy do prac w tym tygodniu w pi\u0105tek i sobot\u0119 gdzie zaczniemy nasadzanie kwiat\u00f3w w klombach i rabatkach.<br \/>\n13.\tW minionych dniach nasz parafia zosta\u0142a obdarowana obrazem olejnym ukazuj\u0105cym niewiernego \u015bw. Tomasza Aposto\u0142a. Obraz ten jest zawieszony nad drzwiami bocznymi. Autorem i ofiarodawc\u0105 obrazu jest Pan Janusz Glinicki mieszkaniec naszego miasta. Bardzo serdecznie dzi\u0119kujemy za dar serca.<br \/>\n14.\tTrwa czas rozlicze\u0144 podatkowych. Zach\u0119camy aby 1,5% ze swoich podatk\u00f3w przekaza\u0107 na rzecz Legionowskiego Stowarzyszenia AMICUS. Stowarzyszenie na co dzie\u0144 zajmuje si\u0119 osobami niepe\u0142nosprawnymi, seniorami, dzie\u0107mi zapewniaj\u0105c im wypoczynek czy czas sp\u0119dzony w \u015bwietlicy, jak r\u00f3wnie\u017c prowadz\u0105c wiele dzie\u0142 prozdrowotnych tj. wypo\u017cyczalnia sprz\u0119tu rehabilitacyjnego czy fizykoterapia. Stosowny KRS podany jest w biuletynie oraz na ulotkach na ko\u0144cu \u0142awek. Cz\u0119sto nikogo nie wskazujemy w zeznaniach podatkowych b\u0105d\u017a wskazujemy r\u00f3\u017cne nieznane kompletnie organizacje. Mo\u017ce warto pomy\u015ble\u0107 o rodzimym stowarzyszeniu. <\/p>\n","protected":false},"excerpt":{"rendered":"<p>1. Jeszcze dzisiaj odb\u0119d\u0105 si\u0119 nast\u0119puj\u0105ce spotkania: &#8211; o godz. 10.25 dla dzieci klas III szko\u0142y podstawowej przed I Komuni\u0105 \u015bwi\u0119t\u0105 -o godz. 16.00 dla m\u0142odzie\u017cy przed sakramentem bierzmowania 2. R\u00f3wnie\u017c dzisiaj o godz. 19.00 w ko\u015bciele odb\u0119dzie si\u0119 spotkanie dla os\u00f3b zainteresowanych pielgrzymk\u0105 do Turcji na prze\u0142omie wrze\u015bnia i pa\u017adziernika 2023 \u2013 szlakiem 7 [&hellip;]<\/p>\n","protected":false},"author":1,"featured_media":30657,"comment_status":"closed","ping_status":"closed","sticky":false,"template":"","format":"standard","meta":{"footnotes":""},"categories":[2,14],"tags":[],"class_list":["post-18882","post","type-post","status-publish","format-standard","has-post-thumbnail","hentry","category-aktualnosci","category-ogloszenia-parafialne"],"_links":{"self":[{"href":"https:\/\/mbfatimska.ovh\/index.php\/wp-json\/wp\/v2\/posts\/18882","targetHints":{"allow":["GET"]}}],"collection":[{"href":"https:\/\/mbfatimska.ovh\/index.php\/wp-json\/wp\/v2\/posts"}],"about":[{"href":"https:\/\/mbfatimska.ovh\/index.php\/wp-json\/wp\/v2\/types\/post"}],"author":[{"embeddable":true,"href":"https:\/\/mbfatimska.ovh\/index.php\/wp-json\/wp\/v2\/users\/1"}],"replies":[{"embeddable":true,"href":"https:\/\/mbfatimska.ovh\/index.php\/wp-json\/wp\/v2\/comments?post=18882"}],"version-history":[{"count":0,"href":"https:\/\/mbfatimska.ovh\/index.php\/wp-json\/wp\/v2\/posts\/18882\/revisions"}],"wp:featuredmedia":[{"embeddable":true,"href":"https:\/\/mbfatimska.ovh\/index.php\/wp-json\/wp\/v2\/media\/30657"}],"wp:attachment":[{"href":"https:\/\/mbfatimska.ovh\/index.php\/wp-json\/wp\/v2\/media?parent=18882"}],"wp:term":[{"taxonomy":"category","embeddable":true,"href":"https:\/\/mbfatimska.ovh\/index.php\/wp-json\/wp\/v2\/categories?post=18882"},{"taxonomy":"post_tag","embeddable":true,"href":"https:\/\/mbfatimska.ovh\/index.php\/wp-json\/wp\/v2\/tags?post=18882"}],"curies":[{"name":"wp","href":"https:\/\/api.w.org\/{rel}","templated":true}]}}