{"id":18931,"date":"2023-03-12T18:40:12","date_gmt":"2023-03-12T17:40:12","guid":{"rendered":"http:\/\/www.mbfatimska.pl\/?p=18931"},"modified":"2023-03-12T18:40:12","modified_gmt":"2023-03-12T17:40:12","slug":"adoracja-krzyza-i-droga-krzyzowa","status":"publish","type":"post","link":"https:\/\/mbfatimska.ovh\/index.php\/2023\/03\/12\/adoracja-krzyza-i-droga-krzyzowa\/","title":{"rendered":"Adoracja Krzy\u017ca i Droga Krzy\u017cowa"},"content":{"rendered":"<p>10 marca uczestniczyli\u015bmy w kolejnym nabo\u017ce\u0144stwie Drogi Krzy\u017cowej a po niej w Adoracji Krzy\u017ca &#8222;Siedem ostatnich s\u0142\u00f3w Jezusa&#8221;.<br \/>\nBy\u0142 to b\u0142ogos\u0142awiony czas modlitwy, ciszy, skupienia, kontemplacji m\u0119ki Jezusa ale tak\u017ce i dzi\u0119kczynienia Bogu za Jego mi\u0142o\u015b\u0107 mi\u0142osiern\u0105, za Jego \u0142askawo\u015b\u0107 wobec nas i dobro\u0107 niezg\u0142\u0119bion\u0105. Przybijaj\u0105c symbolicznie do krzy\u017ca karteczki z grzechami, oddawali\u015bmy siebie samych w r\u0119ce Ojca, kt\u00f3ry nas zna najlepiej i wie, co jest dla nas dobre.<br \/>\nNiech ten czas Wielkiego Postu przyniesie dobre owoce dla nas samych i tych, kt\u00f3rych spotykamy na swojej drodze \u017cycia.<\/p>\n<p>Dzi\u0119kujemy za wsp\u00f3ln\u0105 modlitw\u0119.<\/p>\n<p><a href=\"http:\/\/www.mbfatimska.pl\/adoracja-krzyza-i-droga-krzyzowa-galeria-foto\/\" target=\"_blank\" rel=\"noopener\">Galeria zdj\u0119\u0107<\/a><\/p>\n","protected":false},"excerpt":{"rendered":"<p>10 marca uczestniczyli\u015bmy w kolejnym nabo\u017ce\u0144stwie Drogi Krzy\u017cowej a po niej w Adoracji Krzy\u017ca &#8222;Siedem ostatnich s\u0142\u00f3w Jezusa&#8221;. By\u0142 to b\u0142ogos\u0142awiony czas modlitwy, ciszy, skupienia, kontemplacji m\u0119ki Jezusa ale tak\u017ce i dzi\u0119kczynienia Bogu za Jego mi\u0142o\u015b\u0107 mi\u0142osiern\u0105, za Jego \u0142askawo\u015b\u0107 wobec nas i dobro\u0107 niezg\u0142\u0119bion\u0105. Przybijaj\u0105c symbolicznie do krzy\u017ca karteczki z grzechami, oddawali\u015bmy siebie samych [&hellip;]<\/p>\n","protected":false},"author":1,"featured_media":18907,"comment_status":"closed","ping_status":"closed","sticky":false,"template":"","format":"standard","meta":{"footnotes":""},"categories":[2],"tags":[],"class_list":["post-18931","post","type-post","status-publish","format-standard","has-post-thumbnail","hentry","category-aktualnosci"],"_links":{"self":[{"href":"https:\/\/mbfatimska.ovh\/index.php\/wp-json\/wp\/v2\/posts\/18931","targetHints":{"allow":["GET"]}}],"collection":[{"href":"https:\/\/mbfatimska.ovh\/index.php\/wp-json\/wp\/v2\/posts"}],"about":[{"href":"https:\/\/mbfatimska.ovh\/index.php\/wp-json\/wp\/v2\/types\/post"}],"author":[{"embeddable":true,"href":"https:\/\/mbfatimska.ovh\/index.php\/wp-json\/wp\/v2\/users\/1"}],"replies":[{"embeddable":true,"href":"https:\/\/mbfatimska.ovh\/index.php\/wp-json\/wp\/v2\/comments?post=18931"}],"version-history":[{"count":0,"href":"https:\/\/mbfatimska.ovh\/index.php\/wp-json\/wp\/v2\/posts\/18931\/revisions"}],"wp:featuredmedia":[{"embeddable":true,"href":"https:\/\/mbfatimska.ovh\/index.php\/wp-json\/wp\/v2\/media\/18907"}],"wp:attachment":[{"href":"https:\/\/mbfatimska.ovh\/index.php\/wp-json\/wp\/v2\/media?parent=18931"}],"wp:term":[{"taxonomy":"category","embeddable":true,"href":"https:\/\/mbfatimska.ovh\/index.php\/wp-json\/wp\/v2\/categories?post=18931"},{"taxonomy":"post_tag","embeddable":true,"href":"https:\/\/mbfatimska.ovh\/index.php\/wp-json\/wp\/v2\/tags?post=18931"}],"curies":[{"name":"wp","href":"https:\/\/api.w.org\/{rel}","templated":true}]}}