{"id":19347,"date":"2023-04-15T14:59:02","date_gmt":"2023-04-15T12:59:02","guid":{"rendered":"http:\/\/www.mbfatimska.pl\/?p=19347"},"modified":"2023-04-15T14:59:02","modified_gmt":"2023-04-15T12:59:02","slug":"legionowskie-stowarzyszenie-amicus-dla-najubozszych-mieszkancow-naszego-miasta-2","status":"publish","type":"post","link":"https:\/\/mbfatimska.ovh\/index.php\/2023\/04\/15\/legionowskie-stowarzyszenie-amicus-dla-najubozszych-mieszkancow-naszego-miasta-2\/","title":{"rendered":"Legionowskie Stowarzyszenie Amicus dla najubo\u017cszych mieszka\u0144c\u00f3w naszego miasta"},"content":{"rendered":"<p>Legionowskie Stowarzyszenie Amicus wsp\u00f3lnie z parafi\u0105 Matki Bo\u017cej Fatimskiej ju\u017c po raz kolejny wyci\u0105ga pomocn\u0105 d\u0142o\u0144 do mieszka\u0144c\u00f3w naszego miasta znajduj\u0105cych si\u0119 w szczeg\u00f3lnie trudnej sytuacji materialnej. Wsp\u00f3lnie z Caritas Polska ponownie uruchamiamy akcj\u0119 &#8222;Na codzienne zakupy&#8221;. Dzi\u0119ki uprzejmo\u015bci oraz szczeg\u00f3lnej otwarto\u015bci Dyrektora Caritas Polska ksi\u0119dza Marcina I\u017cyckiego Legionowskie Stowarzyszenie Amicus otrzyma\u0142o 15 Kart Fundacji Biedronki. Ka\u017cda taka karta umo\u017cliwia comiesi\u0119czne dokonywanie zakup\u00f3w w sieci sklep\u00f3w Biedronka na \u0142\u0105czn\u0105 kwot\u0119 185z\u0142. Warto doda\u0107, \u017ce karty zachowuj\u0105 wa\u017cno\u015b\u0107 do 31 stycznia 2024 roku w ten spos\u00f3b osoba posiadaj\u0105ca tak\u0105 kart\u0119 otrzymuje pomoc o \u0142\u0105cznej warto\u015bci 1850z\u0142. Osoba otrzymuj\u0105ca kart\u0119 otrzymuje jednocze\u015bnie pi\u0119kny, kolorowy talerzyk od Fundacji Biedronki.<br \/>\nDzi\u0119kujemy Caritas Polska a szczeg\u00f3lnie serdecznie Dyrektorowi ksi\u0119dzu Marcinowi I\u017cyckiemu za owocn\u0105 wsp\u00f3\u0142prac\u0119 oraz trosk\u0119 o najubo\u017cszych mieszka\u0144c\u00f3w naszego miasta.<br \/>\n<a href=\"http:\/\/www.mbfatimska.pl\/legionowskie-stowarzyszenie-amicus-dla-najubozszych-mieszkancow-naszego-miasta\/\" target=\"_blank\" rel=\"noopener\">Galeria zdj\u0119\u0107<\/a><\/p>\n","protected":false},"excerpt":{"rendered":"<p>Legionowskie Stowarzyszenie Amicus wsp\u00f3lnie z parafi\u0105 Matki Bo\u017cej Fatimskiej ju\u017c po raz kolejny wyci\u0105ga pomocn\u0105 d\u0142o\u0144 do mieszka\u0144c\u00f3w naszego miasta znajduj\u0105cych si\u0119 w szczeg\u00f3lnie trudnej sytuacji materialnej. Wsp\u00f3lnie z Caritas Polska ponownie uruchamiamy akcj\u0119 &#8222;Na codzienne zakupy&#8221;. Dzi\u0119ki uprzejmo\u015bci oraz szczeg\u00f3lnej otwarto\u015bci Dyrektora Caritas Polska ksi\u0119dza Marcina I\u017cyckiego Legionowskie Stowarzyszenie Amicus otrzyma\u0142o 15 Kart Fundacji [&hellip;]<\/p>\n","protected":false},"author":1,"featured_media":19344,"comment_status":"closed","ping_status":"closed","sticky":false,"template":"","format":"standard","meta":{"footnotes":""},"categories":[2],"tags":[],"class_list":["post-19347","post","type-post","status-publish","format-standard","has-post-thumbnail","hentry","category-aktualnosci"],"_links":{"self":[{"href":"https:\/\/mbfatimska.ovh\/index.php\/wp-json\/wp\/v2\/posts\/19347","targetHints":{"allow":["GET"]}}],"collection":[{"href":"https:\/\/mbfatimska.ovh\/index.php\/wp-json\/wp\/v2\/posts"}],"about":[{"href":"https:\/\/mbfatimska.ovh\/index.php\/wp-json\/wp\/v2\/types\/post"}],"author":[{"embeddable":true,"href":"https:\/\/mbfatimska.ovh\/index.php\/wp-json\/wp\/v2\/users\/1"}],"replies":[{"embeddable":true,"href":"https:\/\/mbfatimska.ovh\/index.php\/wp-json\/wp\/v2\/comments?post=19347"}],"version-history":[{"count":0,"href":"https:\/\/mbfatimska.ovh\/index.php\/wp-json\/wp\/v2\/posts\/19347\/revisions"}],"wp:featuredmedia":[{"embeddable":true,"href":"https:\/\/mbfatimska.ovh\/index.php\/wp-json\/wp\/v2\/media\/19344"}],"wp:attachment":[{"href":"https:\/\/mbfatimska.ovh\/index.php\/wp-json\/wp\/v2\/media?parent=19347"}],"wp:term":[{"taxonomy":"category","embeddable":true,"href":"https:\/\/mbfatimska.ovh\/index.php\/wp-json\/wp\/v2\/categories?post=19347"},{"taxonomy":"post_tag","embeddable":true,"href":"https:\/\/mbfatimska.ovh\/index.php\/wp-json\/wp\/v2\/tags?post=19347"}],"curies":[{"name":"wp","href":"https:\/\/api.w.org\/{rel}","templated":true}]}}