{"id":19418,"date":"2023-05-07T08:08:36","date_gmt":"2023-05-07T06:08:36","guid":{"rendered":"https:\/\/www.mbfatimska.pl\/?p=19418"},"modified":"2023-05-07T08:08:36","modified_gmt":"2023-05-07T06:08:36","slug":"v-niedziela-wielkanocna-3","status":"publish","type":"post","link":"https:\/\/mbfatimska.ovh\/index.php\/2023\/05\/07\/v-niedziela-wielkanocna-3\/","title":{"rendered":"V niedziela wielkanocna"},"content":{"rendered":"<p>1.\tDzisiejsza niedziela jest I niedziel\u0105 miesi\u0105ca. Po Mszy \u015bwi\u0119tej o godz. 12.30 procesja eucharystyczna i mo\u017cliwo\u015b\u0107 adoracji do godz. 18.30 czyli do momentu rozpocz\u0119cia nabo\u017ce\u0144stwa majowego.<br \/>\n2.\tJutro, w poniedzia\u0142ek o godz. 16.00, II grupa komunijna ma spotkanie z ksi\u0119dzem przed uroczysto\u015bci\u0105 I Komunii \u015bwi\u0119tej. Je\u015bli kto\u015b mo\u017ce, to mo\u017cna przyj\u015b\u0107 wcze\u015bniej. Ju\u017c od godz. 15.30. Ksi\u0119\u017ca b\u0119d\u0105 czeka\u0107 w kancelarii i w zakrystii.<br \/>\n3.\tR\u00f3wnie\u017c jutro w ko\u015bciele obchodzi\u0107 b\u0119dziemy uroczysto\u015b\u0107 \u015bw. Stanis\u0142awa, biskupa i m\u0119czennika, g\u0142\u00f3wnego patrona Polski.<br \/>\n4.\t13 maja, w sobot\u0119, w naszej parafii prze\u017cywa\u0107 b\u0119dziemy uroczysto\u015b\u0107 odpustow\u0105. Zapraszamy na Msze \u015bwi\u0119te o godz. 12.00, 18.00 i 19.00. Mszy \u015bwi\u0119tej o godz. 12.00 przewodniczy\u0107 b\u0119dzie Ks. Pra\u0142at Zygmunt Podstawka, d\u0142ugoletni proboszcz parafii Naj\u015bwi\u0119tszego Cia\u0142a i Krwi Chrystusa w Legionowie. Msza \u015bwi\u0119ta o godz. 19.00 b\u0119dzie po\u0142\u0105czona z procesj\u0105 fatimsk\u0105. Serdecznie zapraszamy na pierwsze w tym roku nabo\u017ce\u0144stwo fatimskie.<br \/>\n5.\tW przysz\u0142\u0105 niedziel\u0119 odb\u0119d\u0105 si\u0119 nast\u0119puj\u0105ce spotkania:<br \/>\n&#8211; o godz. 10.25 katecheza dla dzieci klas III szko\u0142y podstawowej przed I Komuni\u0105 \u015bwi\u0119t\u0105<br \/>\n&#8211; o godz. 17.30 dla m\u0142odzie\u017cy, kt\u00f3ra przygotowuje si\u0119 do przyj\u0119cia sakramentu bierzmowania<br \/>\n6.\tUroczysto\u015b\u0107 I Komunii \u015bwi\u0119tej w przysz\u0142ym roku b\u0119dzie mia\u0142a miejsce 11 maja tj. sobota.<br \/>\n7.\tW bie\u017c\u0105cym tygodniu odb\u0119d\u0105 si\u0119 dla dzieci spotkania przygotowuj\u0105ce do I Komunii \u015bwi\u0119tej i rocznicy:<br \/>\n&#8211; w poniedzia\u0142ek o godz. 17.00 \u2013 rocznica I Komunii \u015bwi\u0119tej<br \/>\n&#8211; we wtorek o godz. 17.00 \u2013 I grupa komunijna<br \/>\n&#8211; w \u015brod\u0119 o godz. 17.00 \u2013 II grupa komunijna<br \/>\n8.\tW dniu 17 maja tj. \u015broda, organizujemy pielgrzymk\u0119 do Lublina, Kazimierza Dolnego i Porzecza Maria\u0144skiego. Koszt wyjazdu z obiadem, przewodnikiem i biletami wst\u0119pu 100 z\u0142. Wyjazd o godz. 7.00, powr\u00f3t ok. godz. 20.00. Zapisy do przysz\u0142ej niedzieli w\u0142\u0105cznie.<br \/>\n9.\tW czwartek odby\u0142 si\u0119 kolejny wiecz\u00f3r uwielbienia z Maryj\u0105. Dzi\u0119kujemy wsp\u00f3lnocie Odnowa w Duchu \u015bwi\u0119tym za przeprowadzenie tego duchowego wydarzenia. Dzi\u0119kujemy Diakonii Muzycznej za u\u015bwietnienie \u015bpiewem i muzyk\u0105 wieczoru uwielbienia.<br \/>\n10.\tW przysz\u0142\u0105 niedziel\u0119 taca b\u0119dzie przeznaczona na nasze diecezjalne Seminarium Duchowne w  Warszawie Tarchominie.<br \/>\n11.\tJeszcze dzisiaj w Muzeum Historycznym na Piaskach o godz. 15.00 odb\u0119dzie si\u0119 prelekcja dr Adama Kaczy\u0144skiego pt.: \u201ePocz\u0105tki formowania 1 Dywizji Piechoty im. Tadeusza Ko\u015bciuszki w 1943 r.\u201d.<br \/>\n12.\tW pi\u0105tek o godz. 19.30 w ko\u015bciele odb\u0119dzie si\u0119 spotkanie dla rodzic\u00f3w dzieci, kt\u00f3re w lipcu wyje\u017cd\u017caj\u0105 na tygodniowy wyjazd wakacyjny na Mazury. Obecno\u015b\u0107 obowi\u0105zkowa.<br \/>\n13.\tDzi\u0119kujemy Panu Kamilowi Nonas za wycink\u0119 suchych drzew i ga\u0142\u0119zi na naszym terenie przyko\u015bcielnym.<br \/>\n14.\t11 maja o godz. 18.00 w Sali widowiskowej Ratusza odb\u0119dzie si\u0119 spotkanie z histori\u0105 \u2013 niedoko\u0144czone przemy\u015blenia pt.: Jawny i ukryty atak na Ko\u015bci\u00f3\u0142. W\u015br\u00f3d prowadz\u0105cych redaktor Aldona Zaorska i prokurator  Andrzej Witkowski. Wi\u0119cej informacji na plakacie w gablocie.<\/p>\n","protected":false},"excerpt":{"rendered":"<p>1. Dzisiejsza niedziela jest I niedziel\u0105 miesi\u0105ca. Po Mszy \u015bwi\u0119tej o godz. 12.30 procesja eucharystyczna i mo\u017cliwo\u015b\u0107 adoracji do godz. 18.30 czyli do momentu rozpocz\u0119cia nabo\u017ce\u0144stwa majowego. 2. Jutro, w poniedzia\u0142ek o godz. 16.00, II grupa komunijna ma spotkanie z ksi\u0119dzem przed uroczysto\u015bci\u0105 I Komunii \u015bwi\u0119tej. Je\u015bli kto\u015b mo\u017ce, to mo\u017cna przyj\u015b\u0107 wcze\u015bniej. Ju\u017c od [&hellip;]<\/p>\n","protected":false},"author":1,"featured_media":30657,"comment_status":"closed","ping_status":"closed","sticky":false,"template":"","format":"standard","meta":{"footnotes":""},"categories":[2,14],"tags":[],"class_list":["post-19418","post","type-post","status-publish","format-standard","has-post-thumbnail","hentry","category-aktualnosci","category-ogloszenia-parafialne"],"_links":{"self":[{"href":"https:\/\/mbfatimska.ovh\/index.php\/wp-json\/wp\/v2\/posts\/19418","targetHints":{"allow":["GET"]}}],"collection":[{"href":"https:\/\/mbfatimska.ovh\/index.php\/wp-json\/wp\/v2\/posts"}],"about":[{"href":"https:\/\/mbfatimska.ovh\/index.php\/wp-json\/wp\/v2\/types\/post"}],"author":[{"embeddable":true,"href":"https:\/\/mbfatimska.ovh\/index.php\/wp-json\/wp\/v2\/users\/1"}],"replies":[{"embeddable":true,"href":"https:\/\/mbfatimska.ovh\/index.php\/wp-json\/wp\/v2\/comments?post=19418"}],"version-history":[{"count":0,"href":"https:\/\/mbfatimska.ovh\/index.php\/wp-json\/wp\/v2\/posts\/19418\/revisions"}],"wp:featuredmedia":[{"embeddable":true,"href":"https:\/\/mbfatimska.ovh\/index.php\/wp-json\/wp\/v2\/media\/30657"}],"wp:attachment":[{"href":"https:\/\/mbfatimska.ovh\/index.php\/wp-json\/wp\/v2\/media?parent=19418"}],"wp:term":[{"taxonomy":"category","embeddable":true,"href":"https:\/\/mbfatimska.ovh\/index.php\/wp-json\/wp\/v2\/categories?post=19418"},{"taxonomy":"post_tag","embeddable":true,"href":"https:\/\/mbfatimska.ovh\/index.php\/wp-json\/wp\/v2\/tags?post=19418"}],"curies":[{"name":"wp","href":"https:\/\/api.w.org\/{rel}","templated":true}]}}