{"id":19429,"date":"2023-05-14T07:28:30","date_gmt":"2023-05-14T05:28:30","guid":{"rendered":"https:\/\/www.mbfatimska.pl\/?p=19429"},"modified":"2023-05-14T07:28:30","modified_gmt":"2023-05-14T05:28:30","slug":"vi-niedziela-wielkanocna-3","status":"publish","type":"post","link":"https:\/\/mbfatimska.ovh\/index.php\/2023\/05\/14\/vi-niedziela-wielkanocna-3\/","title":{"rendered":"VI niedziela wielkanocna"},"content":{"rendered":"<p>1.\tW dniu wczorajszym odby\u0142y si\u0119 w naszej parafii uroczysto\u015bci odpustowe ku czci Matki Bo\u017cej Fatimskiej. Dzi\u0119kujemy tym, kt\u00f3rzy wzi\u0119li udzia\u0142 w naszym wsp\u00f3lnym \u015bwi\u0119cie, zar\u00f3wno we Mszy \u015bwi\u0119tej o godz. 12.00 jaki i 19.00 po\u0142\u0105czonej z pierwsz\u0105 w tym roku procesj\u0105 fatimsk\u0105.<br \/>\n2.\tWe wtorek, w dzie\u0144 uroczysto\u015bci \u015bw. Andrzeja Boboli, prezbitera i m\u0119czennika, patrona Polski i metropolii warszawskiej, zapraszamy na Msze \u015bwi\u0119te o godz. 18.00 i 19.00. Po Mszy \u015bwi\u0119tej o godz. 19.00 i nabo\u017ce\u0144stwie majowym, na naszym terenie ko\u015bcielnym  odb\u0119dzie si\u0119 Droga \u015awiat\u0142a. Jest ona w pewnym sensie kontynuacj\u0105 Drogi Krzy\u017cowej. Tu tak\u017ce w\u0119druje si\u0119 przez 14 stacji, rozwa\u017caj\u0105c ich tre\u015b\u0107, z t\u0105 r\u00f3\u017cnic\u0105, \u017ce tematyka Drogi \u015awiat\u0142a nawi\u0105zuje do spotka\u0144 Jezusa zmartwychwsta\u0142ego z aposto\u0142ami i uczniami a nast\u0119pnie wydarze\u0144, kt\u00f3re mia\u0142y miejsce od wniebowst\u0105pienia do zes\u0142ania Ducha \u015awi\u0119tego. Serdecznie na to nabo\u017ce\u0144stwo zapraszamy.<br \/>\n3.\tR\u00f3wnie\u017c we wtorek na godz. 18.30 zapraszamy przedstawicieli rejon\u00f3w buduj\u0105cych o\u0142tarze na Bo\u017ce Cia\u0142o, celem om\u00f3wienia trasy procesji Bo\u017cego Cia\u0142a oraz zbudowania o\u0142tarzy. Spotkanie odb\u0119dzie si\u0119 przed ko\u015bcio\u0142em.<br \/>\n4.\tW \u015brod\u0119 grupa parafian oraz uczestnicy Klubu Seniora wyje\u017cd\u017caj\u0105 na pielgrzymk\u0119 do Lublina, Kazimierza oraz Porzecza Maria\u0144skiego. \u017byczymy im dobrej pogody, pozytywnych wra\u017ce\u0144 i szcz\u0119\u015bliwej drogi pod opiek\u0105 \u015bw. Krzysztofa.<br \/>\n5.\tW czwartek o godz. 19.30 w salce pod zakrysti\u0105 odb\u0119dzie si\u0119 zebranie dla uczestnik\u00f3w jesiennej pielgrzymki do Turcji szlakiem 7 ko\u015bcio\u0142\u00f3w Apokalipsy \u015bw. Jana Aposto\u0142a. Na spotkanie nale\u017cy przynie\u015b\u0107 pozosta\u0142\u0105 kwot\u0119 odp\u0142atno\u015bci za wyjazd.<br \/>\n6.\tW pi\u0105tek, 19 maja, po Mszy \u015bwi\u0119tej o godz. 19.00 zapraszamy na nabo\u017ce\u0144stwo majowe po\u0142\u0105czone z nabo\u017ce\u0144stwem do \u015bw. J\u00f3zefa , patrona ma\u0142\u017ce\u0144stw i rodzin. Intencje mo\u017cna sk\u0142ada\u0107 przed Msz\u0105 \u015bwi\u0119t\u0105 pod o\u0142tarzem.<br \/>\n7.\tW sobot\u0119 grupa 90 dzieci na Mszach \u015bwi\u0119tych o godz. 10.00 i 11.45 przyst\u0105pi do I Komunii \u015bwi\u0119tej. Wcze\u015bniej, w pi\u0105tek dzieci wraz z rodzicami , rodze\u0144stwem i rodzin\u0105 przyst\u0105pi\u0105 do sakramentu pokuty. Grupa I o godz. 16.15, grupa II o godz. 17.15. kap\u0142ani w konfesjona\u0142ach b\u0119d\u0105 ju\u017c oczekiwa\u0107 od godz. 16.00.<br \/>\n8.\tW przysz\u0142\u0105 niedziel\u0119 prze\u017cywa\u0107 b\u0119dziemy uroczysto\u015b\u0107 Wniebowst\u0105pienia Pa\u0144skiego. Przez ca\u0142y dzie\u0144 go\u015bci\u0107 b\u0119dziemy Ks. Romana Kota proboszcza i budowniczego ko\u015bcio\u0142a pw. Matki Bo\u017cej Pompeja\u0144skiej w Warszawie. Przed ko\u015bcio\u0142em b\u0119dziemy mogli wesprze\u0107 t\u0119 szczytn\u0105 inwestycj\u0119 poprzez z\u0142o\u017cenie ofiar do puszek i kupienia r\u00f3\u017cnego rodzaju dewocjonali\u00f3w.<br \/>\n9.\t28 maja w Legionowie obchodzi\u0107 b\u0119dziemy 1 rocznic\u0119 oddania naszego miasta w opiek\u0119 b\u0142. Kard. Stefana Wyszy\u0144skiego. Ju\u017c od 27 maja, tj. sobota b\u0119d\u0105 odbywa\u0107 si\u0119 wydarzenia z tym zwi\u0105zane. 27 maja o godz. 16.30 w parku \u015bw. Jana Paw\u0142a II odb\u0119dzie si\u0119 spektakl Teatru A pt.: \u201eSkwer Wyszy\u0144skiego\u201d. 28 maja o godz. 13.00 w parafii \u015bw. Jana Kantego zostanie odprawiona uroczysta Msza \u015bwi\u0119ta rocznicowa a homili\u0119 wyg\u0142osi ks. prof. J\u00f3zef Kloch z Katedry Komunikacji Medialnej, Marketingu i Reklamy UKSW. 3 czerwca o godz. 9.00 odb\u0119dzie si\u0119 piesza pielgrzymka do Instytutu Prymasowskiego w Choszcz\u00f3wce. Pocz\u0105tek w parku \u015bw. Jana Paw\u0142a II.<\/p>\n","protected":false},"excerpt":{"rendered":"<p>1. W dniu wczorajszym odby\u0142y si\u0119 w naszej parafii uroczysto\u015bci odpustowe ku czci Matki Bo\u017cej Fatimskiej. Dzi\u0119kujemy tym, kt\u00f3rzy wzi\u0119li udzia\u0142 w naszym wsp\u00f3lnym \u015bwi\u0119cie, zar\u00f3wno we Mszy \u015bwi\u0119tej o godz. 12.00 jaki i 19.00 po\u0142\u0105czonej z pierwsz\u0105 w tym roku procesj\u0105 fatimsk\u0105. 2. We wtorek, w dzie\u0144 uroczysto\u015bci \u015bw. Andrzeja Boboli, prezbitera i m\u0119czennika, [&hellip;]<\/p>\n","protected":false},"author":1,"featured_media":30657,"comment_status":"closed","ping_status":"closed","sticky":false,"template":"","format":"standard","meta":{"footnotes":""},"categories":[2,14],"tags":[],"class_list":["post-19429","post","type-post","status-publish","format-standard","has-post-thumbnail","hentry","category-aktualnosci","category-ogloszenia-parafialne"],"_links":{"self":[{"href":"https:\/\/mbfatimska.ovh\/index.php\/wp-json\/wp\/v2\/posts\/19429","targetHints":{"allow":["GET"]}}],"collection":[{"href":"https:\/\/mbfatimska.ovh\/index.php\/wp-json\/wp\/v2\/posts"}],"about":[{"href":"https:\/\/mbfatimska.ovh\/index.php\/wp-json\/wp\/v2\/types\/post"}],"author":[{"embeddable":true,"href":"https:\/\/mbfatimska.ovh\/index.php\/wp-json\/wp\/v2\/users\/1"}],"replies":[{"embeddable":true,"href":"https:\/\/mbfatimska.ovh\/index.php\/wp-json\/wp\/v2\/comments?post=19429"}],"version-history":[{"count":0,"href":"https:\/\/mbfatimska.ovh\/index.php\/wp-json\/wp\/v2\/posts\/19429\/revisions"}],"wp:featuredmedia":[{"embeddable":true,"href":"https:\/\/mbfatimska.ovh\/index.php\/wp-json\/wp\/v2\/media\/30657"}],"wp:attachment":[{"href":"https:\/\/mbfatimska.ovh\/index.php\/wp-json\/wp\/v2\/media?parent=19429"}],"wp:term":[{"taxonomy":"category","embeddable":true,"href":"https:\/\/mbfatimska.ovh\/index.php\/wp-json\/wp\/v2\/categories?post=19429"},{"taxonomy":"post_tag","embeddable":true,"href":"https:\/\/mbfatimska.ovh\/index.php\/wp-json\/wp\/v2\/tags?post=19429"}],"curies":[{"name":"wp","href":"https:\/\/api.w.org\/{rel}","templated":true}]}}