{"id":19432,"date":"2023-05-19T22:08:41","date_gmt":"2023-05-19T20:08:41","guid":{"rendered":"http:\/\/www.mbfatimska.pl\/?p=19432"},"modified":"2023-05-19T22:08:41","modified_gmt":"2023-05-19T20:08:41","slug":"19432-2","status":"publish","type":"post","link":"https:\/\/mbfatimska.ovh\/index.php\/2023\/05\/19\/19432-2\/","title":{"rendered":""},"content":{"rendered":"<p><img fetchpriority=\"high\" decoding=\"async\" class=\"alignnone size-full wp-image-19433\" src=\"http:\/\/www.mbfatimska.pl\/wp-content\/uploads\/2023\/05\/image_6487327thdthdh.jpg\" alt=\"\" width=\"750\" height=\"1042\" \/><\/p>\n<p>Zapraszamy 27 maja (sobota) na Czuwanie przed zes\u0142aniem Ducha \u015awi\u0119tego do naszej Parafii. Rozpoczynamy Msz\u0105 \u015awi\u0119t\u0105 o godz. 19.00, a po niej godzinne UWIELBIENIE przygotowane przez wsp\u00f3lnoty Odnowa w Duchu \u015awi\u0119tym DZIECI MARYI oraz Przymierze Mi\u0142osierdzia.<\/p>\n","protected":false},"excerpt":{"rendered":"<p>Zapraszamy 27 maja (sobota) na Czuwanie przed zes\u0142aniem Ducha \u015awi\u0119tego do naszej Parafii. Rozpoczynamy Msz\u0105 \u015awi\u0119t\u0105 o godz. 19.00, a po niej godzinne UWIELBIENIE przygotowane przez wsp\u00f3lnoty Odnowa w Duchu \u015awi\u0119tym DZIECI MARYI oraz Przymierze Mi\u0142osierdzia.<\/p>\n","protected":false},"author":1,"featured_media":19433,"comment_status":"closed","ping_status":"closed","sticky":false,"template":"","format":"standard","meta":{"footnotes":""},"categories":[2],"tags":[],"class_list":["post-19432","post","type-post","status-publish","format-standard","has-post-thumbnail","hentry","category-aktualnosci"],"_links":{"self":[{"href":"https:\/\/mbfatimska.ovh\/index.php\/wp-json\/wp\/v2\/posts\/19432","targetHints":{"allow":["GET"]}}],"collection":[{"href":"https:\/\/mbfatimska.ovh\/index.php\/wp-json\/wp\/v2\/posts"}],"about":[{"href":"https:\/\/mbfatimska.ovh\/index.php\/wp-json\/wp\/v2\/types\/post"}],"author":[{"embeddable":true,"href":"https:\/\/mbfatimska.ovh\/index.php\/wp-json\/wp\/v2\/users\/1"}],"replies":[{"embeddable":true,"href":"https:\/\/mbfatimska.ovh\/index.php\/wp-json\/wp\/v2\/comments?post=19432"}],"version-history":[{"count":0,"href":"https:\/\/mbfatimska.ovh\/index.php\/wp-json\/wp\/v2\/posts\/19432\/revisions"}],"wp:featuredmedia":[{"embeddable":true,"href":"https:\/\/mbfatimska.ovh\/index.php\/wp-json\/wp\/v2\/media\/19433"}],"wp:attachment":[{"href":"https:\/\/mbfatimska.ovh\/index.php\/wp-json\/wp\/v2\/media?parent=19432"}],"wp:term":[{"taxonomy":"category","embeddable":true,"href":"https:\/\/mbfatimska.ovh\/index.php\/wp-json\/wp\/v2\/categories?post=19432"},{"taxonomy":"post_tag","embeddable":true,"href":"https:\/\/mbfatimska.ovh\/index.php\/wp-json\/wp\/v2\/tags?post=19432"}],"curies":[{"name":"wp","href":"https:\/\/api.w.org\/{rel}","templated":true}]}}