{"id":19454,"date":"2023-05-29T12:21:26","date_gmt":"2023-05-29T10:21:26","guid":{"rendered":"https:\/\/www.mbfatimska.pl\/?p=19454"},"modified":"2023-05-29T12:21:26","modified_gmt":"2023-05-29T10:21:26","slug":"wigilia-zeslania-ducha-swietego-2","status":"publish","type":"post","link":"https:\/\/mbfatimska.ovh\/index.php\/2023\/05\/29\/wigilia-zeslania-ducha-swietego-2\/","title":{"rendered":"Wigilia Zes\u0142ania Ducha \u015awi\u0119tego"},"content":{"rendered":"<p>27 maja w naszym Parafialnym Wieczerniku odby\u0142o si\u0119 czuwanie modlitewne przed uroczysto\u015bci\u0105 Zes\u0142ania Ducha Bo\u017cego.<br \/>\nTrafnym podsumowaniem tego czasu mog\u0105 by\u0107 s\u0142owa \u015bw. Paw\u0142a, jakie skierowa\u0142 w swoim li\u015bcie do Koryntian:<br \/>\n\u201eBracia:<br \/>\nNikt nie mo\u017ce powiedzie\u0107 bez pomocy Ducha \u015awi\u0119tego: \u00abPanem jest Jezus\u00bb.<br \/>\nR\u00f3\u017cne s\u0105 dary \u0142aski, lecz ten sam Duch; r\u00f3\u017cne te\u017c s\u0105 rodzaje pos\u0142ugiwania, ale jeden Pan; r\u00f3\u017cne s\u0105 wreszcie dzia\u0142ania, lecz ten sam B\u00f3g, sprawca wszystkiego we wszystkich. Wszystkim za\u015b objawia si\u0119 Duch dla wsp\u00f3lnego dobra.<br \/>\nPodobnie jak jedno jest cia\u0142o, cho\u0107 sk\u0142ada si\u0119 z wielu cz\u0142onk\u00f3w, a wszystkie cz\u0142onki cia\u0142a, mimo i\u017c s\u0105 liczne, stanowi\u0105 jedno cia\u0142o, tak te\u017c jest i z Chrystusem. Wszyscy bowiem w jednym Duchu zostali\u015bmy ochrzczeni, aby stanowi\u0107 jedno Cia\u0142o: czy to \u017bydzi, czy Grecy, czy to niewolnicy, czy wolni. Wszyscy te\u017c zostali\u015bmy napojeni jednym Duchem.\u201d<br \/>\nNiech owoce tego spotkania wzrastaj\u0105 w naszych sercach i daj\u0105 moc, by wype\u0142nia\u0107 Bo\u017c\u0105 wol\u0119 ka\u017cdego dnia.<br \/>\n<img fetchpriority=\"high\" decoding=\"async\" class=\"alignnone size-full wp-image-19455\" src=\"http:\/\/www.mbfatimska.pl\/wp-content\/uploads\/2023\/05\/image_6483441-6.jpg\" alt=\"\" width=\"1800\" height=\"1200\" \/> <img decoding=\"async\" class=\"alignnone size-full wp-image-19456\" src=\"http:\/\/www.mbfatimska.pl\/wp-content\/uploads\/2023\/05\/image_6483441-7.jpg\" alt=\"\" width=\"1800\" height=\"1200\" \/> <img decoding=\"async\" class=\"alignnone size-full wp-image-19457\" src=\"http:\/\/www.mbfatimska.pl\/wp-content\/uploads\/2023\/05\/image_6483441.jpg\" alt=\"\" width=\"1800\" height=\"1200\" \/> <img loading=\"lazy\" decoding=\"async\" class=\"alignnone size-full wp-image-19458\" src=\"http:\/\/www.mbfatimska.pl\/wp-content\/uploads\/2023\/05\/image_6483441-1.jpg\" alt=\"\" width=\"1200\" height=\"1800\" \/> <img loading=\"lazy\" decoding=\"async\" class=\"alignnone size-full wp-image-19459\" src=\"http:\/\/www.mbfatimska.pl\/wp-content\/uploads\/2023\/05\/image_6483441-2.jpg\" alt=\"\" width=\"1200\" height=\"1800\" \/> <img loading=\"lazy\" decoding=\"async\" class=\"alignnone size-full wp-image-19460\" src=\"http:\/\/www.mbfatimska.pl\/wp-content\/uploads\/2023\/05\/image_6483441-3.jpg\" alt=\"\" width=\"1800\" height=\"1200\" \/> <img loading=\"lazy\" decoding=\"async\" class=\"alignnone size-full wp-image-19461\" src=\"http:\/\/www.mbfatimska.pl\/wp-content\/uploads\/2023\/05\/image_6483441-4.jpg\" alt=\"\" width=\"1800\" height=\"1200\" \/> <img loading=\"lazy\" decoding=\"async\" class=\"alignnone size-full wp-image-19462\" src=\"http:\/\/www.mbfatimska.pl\/wp-content\/uploads\/2023\/05\/image_6483441-5.jpg\" alt=\"\" width=\"1800\" height=\"1200\" \/><\/p>\n","protected":false},"excerpt":{"rendered":"<p>27 maja w naszym Parafialnym Wieczerniku odby\u0142o si\u0119 czuwanie modlitewne przed uroczysto\u015bci\u0105 Zes\u0142ania Ducha Bo\u017cego. Trafnym podsumowaniem tego czasu mog\u0105 by\u0107 s\u0142owa \u015bw. Paw\u0142a, jakie skierowa\u0142 w swoim li\u015bcie do Koryntian: \u201eBracia: Nikt nie mo\u017ce powiedzie\u0107 bez pomocy Ducha \u015awi\u0119tego: \u00abPanem jest Jezus\u00bb. R\u00f3\u017cne s\u0105 dary \u0142aski, lecz ten sam Duch; r\u00f3\u017cne te\u017c s\u0105 rodzaje [&hellip;]<\/p>\n","protected":false},"author":1,"featured_media":19457,"comment_status":"closed","ping_status":"closed","sticky":false,"template":"","format":"standard","meta":{"footnotes":""},"categories":[2],"tags":[],"class_list":["post-19454","post","type-post","status-publish","format-standard","has-post-thumbnail","hentry","category-aktualnosci"],"_links":{"self":[{"href":"https:\/\/mbfatimska.ovh\/index.php\/wp-json\/wp\/v2\/posts\/19454","targetHints":{"allow":["GET"]}}],"collection":[{"href":"https:\/\/mbfatimska.ovh\/index.php\/wp-json\/wp\/v2\/posts"}],"about":[{"href":"https:\/\/mbfatimska.ovh\/index.php\/wp-json\/wp\/v2\/types\/post"}],"author":[{"embeddable":true,"href":"https:\/\/mbfatimska.ovh\/index.php\/wp-json\/wp\/v2\/users\/1"}],"replies":[{"embeddable":true,"href":"https:\/\/mbfatimska.ovh\/index.php\/wp-json\/wp\/v2\/comments?post=19454"}],"version-history":[{"count":0,"href":"https:\/\/mbfatimska.ovh\/index.php\/wp-json\/wp\/v2\/posts\/19454\/revisions"}],"wp:featuredmedia":[{"embeddable":true,"href":"https:\/\/mbfatimska.ovh\/index.php\/wp-json\/wp\/v2\/media\/19457"}],"wp:attachment":[{"href":"https:\/\/mbfatimska.ovh\/index.php\/wp-json\/wp\/v2\/media?parent=19454"}],"wp:term":[{"taxonomy":"category","embeddable":true,"href":"https:\/\/mbfatimska.ovh\/index.php\/wp-json\/wp\/v2\/categories?post=19454"},{"taxonomy":"post_tag","embeddable":true,"href":"https:\/\/mbfatimska.ovh\/index.php\/wp-json\/wp\/v2\/tags?post=19454"}],"curies":[{"name":"wp","href":"https:\/\/api.w.org\/{rel}","templated":true}]}}