{"id":19811,"date":"2023-06-22T20:58:33","date_gmt":"2023-06-22T18:58:33","guid":{"rendered":"http:\/\/www.mbfatimska.pl\/?p=19811"},"modified":"2023-06-22T20:58:33","modified_gmt":"2023-06-22T18:58:33","slug":"wybory-nowego-lidera-wspolnoty","status":"publish","type":"post","link":"https:\/\/mbfatimska.ovh\/index.php\/2023\/06\/22\/wybory-nowego-lidera-wspolnoty\/","title":{"rendered":"Wybory nowego Lidera Wsp\u00f3lnoty"},"content":{"rendered":"<p>Dnia 19 czerwca 2023r. w naszej wsp\u00f3lnocie odby\u0142y si\u0119 wybory na nowego lidera przy wsp\u00f3\u0142udziale \u015bwieckiego koordynatora diecezjalnego Jaros\u0142awa Zembrzuskiego, \u015bwieckiego koordynatora dekanatu Magdaleny Kukie\u0142y oraz opiekuna wsp\u00f3lnoty ks. Marka Nowaka.<br \/>\nNa kolejn\u0105 kadencj\u0119 zosta\u0142 wybrany Tomasz \u015al\u0119zak \ud83d\udd4a\ud83d\ude4f.<br \/>\nUst\u0119puj\u0105cej liderce, Monice Woszczyk oraz nowemu liderowi Tomaszowi \u017cyczymy b\u0142ogos\u0142awie\u0144stwa Bo\u017cego i Dar\u00f3w Ducha \u015awi\u0119tego w ich drodze do Boga.<img fetchpriority=\"high\" decoding=\"async\" class=\"alignnone size-full wp-image-19812\" src=\"http:\/\/www.mbfatimska.pl\/wp-content\/uploads\/2023\/06\/logo-DZIECI-MARYI.jpg\" alt=\"\" width=\"500\" height=\"500\" \/><\/p>\n<p><img decoding=\"async\" class=\"alignnone size-full wp-image-19813\" src=\"http:\/\/www.mbfatimska.pl\/wp-content\/uploads\/2023\/06\/Lider-wspolnoty-Tomasz-Slezak-19.06.2023.jpg\" alt=\"\" width=\"940\" height=\"788\" \/><\/p>\n","protected":false},"excerpt":{"rendered":"<p>Dnia 19 czerwca 2023r. w naszej wsp\u00f3lnocie odby\u0142y si\u0119 wybory na nowego lidera przy wsp\u00f3\u0142udziale \u015bwieckiego koordynatora diecezjalnego Jaros\u0142awa Zembrzuskiego, \u015bwieckiego koordynatora dekanatu Magdaleny Kukie\u0142y oraz opiekuna wsp\u00f3lnoty ks. Marka Nowaka. Na kolejn\u0105 kadencj\u0119 zosta\u0142 wybrany Tomasz \u015al\u0119zak \ud83d\udd4a\ud83d\ude4f. Ust\u0119puj\u0105cej liderce, Monice Woszczyk oraz nowemu liderowi Tomaszowi \u017cyczymy b\u0142ogos\u0142awie\u0144stwa Bo\u017cego i Dar\u00f3w Ducha \u015awi\u0119tego w [&hellip;]<\/p>\n","protected":false},"author":1,"featured_media":19812,"comment_status":"closed","ping_status":"closed","sticky":false,"template":"","format":"standard","meta":{"footnotes":""},"categories":[13],"tags":[],"class_list":["post-19811","post","type-post","status-publish","format-standard","has-post-thumbnail","hentry","category-odnowa-w-duchu-swietym"],"_links":{"self":[{"href":"https:\/\/mbfatimska.ovh\/index.php\/wp-json\/wp\/v2\/posts\/19811","targetHints":{"allow":["GET"]}}],"collection":[{"href":"https:\/\/mbfatimska.ovh\/index.php\/wp-json\/wp\/v2\/posts"}],"about":[{"href":"https:\/\/mbfatimska.ovh\/index.php\/wp-json\/wp\/v2\/types\/post"}],"author":[{"embeddable":true,"href":"https:\/\/mbfatimska.ovh\/index.php\/wp-json\/wp\/v2\/users\/1"}],"replies":[{"embeddable":true,"href":"https:\/\/mbfatimska.ovh\/index.php\/wp-json\/wp\/v2\/comments?post=19811"}],"version-history":[{"count":0,"href":"https:\/\/mbfatimska.ovh\/index.php\/wp-json\/wp\/v2\/posts\/19811\/revisions"}],"wp:featuredmedia":[{"embeddable":true,"href":"https:\/\/mbfatimska.ovh\/index.php\/wp-json\/wp\/v2\/media\/19812"}],"wp:attachment":[{"href":"https:\/\/mbfatimska.ovh\/index.php\/wp-json\/wp\/v2\/media?parent=19811"}],"wp:term":[{"taxonomy":"category","embeddable":true,"href":"https:\/\/mbfatimska.ovh\/index.php\/wp-json\/wp\/v2\/categories?post=19811"},{"taxonomy":"post_tag","embeddable":true,"href":"https:\/\/mbfatimska.ovh\/index.php\/wp-json\/wp\/v2\/tags?post=19811"}],"curies":[{"name":"wp","href":"https:\/\/api.w.org\/{rel}","templated":true}]}}