{"id":19816,"date":"2023-06-25T07:42:27","date_gmt":"2023-06-25T05:42:27","guid":{"rendered":"https:\/\/www.mbfatimska.pl\/?p=19816"},"modified":"2023-06-25T07:42:27","modified_gmt":"2023-06-25T05:42:27","slug":"xii-niedziela-zwykla-2","status":"publish","type":"post","link":"https:\/\/mbfatimska.ovh\/index.php\/2023\/06\/25\/xii-niedziela-zwykla-2\/","title":{"rendered":"XII niedziela zwyk\u0142a"},"content":{"rendered":"<p>1.\tW ubieg\u0142\u0105 niedziel\u0119 odby\u0142 si\u0119 doroczny piknik rodzinny. Dzi\u0119kujemy tym, kt\u00f3rzy wzi\u0119li aktywny udzia\u0142 w naszej wsp\u00f3lnej rado\u015bci. Dzi\u0119kujemy Urz\u0119dowi miasta Legionowo za wsp\u00f3\u0142udzia\u0142 w organizacji pikniku, dzi\u0119kujemy Warsztatom Terapii Zaj\u0119ciowej \u015bw. Rity, Klubowi Seniora, firmie gastronomicznej Gruba Ka\u015bka z Legionowa, Piekarni Kalinka z Koby\u0142ki za nieoceniony wk\u0142ad w organizacji naszego spotkania.<br \/>\n2.\tJeszcze dzisiaj o godz. 17.45 odb\u0119dzie si\u0119 spotkanie dla rodzic\u00f3w dzieci, kt\u00f3re w lipcu wyje\u017cd\u017caj\u0105 na wakacje do Olsztyna. Spotkanie odb\u0119dzie si\u0119 w salce pod zakrysti\u0105.<br \/>\n3.\tW \u015brod\u0119, 28 czerwca, nasze Legionowskie Stowarzyszenie AMICUS b\u0119dzie \u015bwi\u0119towa\u0107 jubileusz 15 lecia swego istnienia. O godz. 10.00 zostanie odprawiona uroczysta Msza \u015bwi\u0119ta dzi\u0119kczynna, a nast\u0119pnie odb\u0119d\u0105 si\u0119 wydarzenia towarzysz\u0105ce uroczysto\u015bci.<br \/>\n4.\tW \u015brod\u0119, w ramach nabo\u017ce\u0144stwa czerwcowego b\u0119dziemy si\u0119 modli\u0107 nabo\u017ce\u0144stwem do b\u0142. Kardyna\u0142a Stefana Wyszy\u0144skiego, tak jak czynimy to ka\u017cdego 28 dnia miesi\u0105ca.<br \/>\n5.\tW czwartek, 29 czerwca w Ko\u015bciele obchodzi\u0107 b\u0119dziemy uroczysto\u015b\u0107 \u015bw. Aposto\u0142\u00f3w Piotra i Paw\u0142a. Zapraszamy na Msze \u015bwi\u0119te o godz. 18.00 i 19.00. Taca tego dnia b\u0119dzie przeznaczona, tak jak i w ca\u0142ym Ko\u015bciele powszechnym, na Bazylik\u0119 \u015bw. Piotra w Rzymie.<br \/>\n6.\tW pi\u0105tek o godz. 19.00 zostanie odprawiona Msza \u015bwi\u0119ta wypominkowa za naszych bliskich zmar\u0142ych. Z tego te\u017c wzgl\u0119du nabo\u017ce\u0144stwo czerwcowe zostanie odprawione o godz. 18.45, przed Msz\u0105 \u015bwi\u0119t\u0105 wypominkow\u0105.<br \/>\n7.\tW tym tygodniu przed nami I sobota miesi\u0105ca \u2013 nabo\u017ce\u0144stwo wynagradzaj\u0105ce Niepokalanemu Sercu Naj\u015bwi\u0119tszej Maryi Panny po Mszy \u015bwi\u0119tej o godz. 19.00 i trwa\u0107 b\u0119dzie do godz. 21.00.<br \/>\n8.\tZa tydzie\u0144 I niedziela miesi\u0105ca. Po Mszy \u015bwi\u0119tej o godz. 12.30 procesja eucharystyczna po\u0142\u0105czona z adoracj\u0105 Naj\u015bwi\u0119tszego Sakramentu do godz. 18.45. Od godz. 16.15 do 17.45 adoracji nie b\u0119dzie z racji Mszy \u015bwi\u0119tej \u015blubnej sprawowanej o godz. 16.30.<br \/>\n9.\tPrzypominamy, \u017ce od 1 lipca do 31 sierpnia spowied\u017a na wieczornej Mszy \u015bwi\u0119tej w niedziele i \u015bwi\u0119ta b\u0119dzie mo\u017cliwa 30 minut przed rozpocz\u0119ciem Eucharystii. Do po\u0142udnia na ka\u017cdej Mszy \u015bwi\u0119tej.<br \/>\n10.\tW czasie wakacji b\u0119dzie czynna \u015bwietlica dla dzieci od poniedzia\u0142ku do pi\u0105tku w godz. 9.00-14.00. W czasie funkcjonowania \u015bwietlicy b\u0119d\u0105 zaj\u0119cia plastyczne, sportowe, wyjazdy do kina i park\u00f3w rozrywki. Zadanie dofinansowane przez gmin\u0119 miejsk\u0105 Legionowo.<\/p>\n<p>11.\tMsze \u015bwi\u0119te w intencji os\u00f3b, kt\u00f3re aktywnie uczestniczy\u0142y w przygotowaniu procesji Bo\u017cego Cia\u0142a buduj\u0105c o\u0142tarze, odb\u0119d\u0119 si\u0119 w intencji budowniczych<br \/>\n&#8211; I o\u0142tarza \u2013 7 sierpnia (poniedzia\u0142ek) godz. 19.00<br \/>\n&#8211; II o\u0142tarza \u2013 8 sierpnia (wtorek) godz. 18.00<br \/>\n&#8211; III o\u0142tarza \u2013 10 sierpnia (czwartek) godz. 19.00<br \/>\n&#8211; IV o\u0142tarza \u2013 11 sierpnia (pi\u0105tek) godz. 19.00<br \/>\nDzi\u0119kujemy za przekazanie ofiary 700 z\u0142 na rzecz parafii przez delegacj\u0119 buduj\u0105cych I o\u0142tarz.<br \/>\n12.\tW minionych dniach zosta\u0142y uko\u0144czone prace zwi\u0105zane z zabezpieczeniem schod\u00f3w granitowych na naszym terenie przed wyp\u0142ywaniem wykwit\u00f3w oraz zmieniamy instalacj\u0119 odgromieniow\u0105 na dachu ko\u015bcio\u0142a, gdy\u017c w niekt\u00f3rych miejscach pojawi\u0142a si\u0119 korozja i w ten spos\u00f3b nie spe\u0142nia\u0142a ona swojej 100 % funkcji.<br \/>\n13.\tDzi\u0119kujemy za prace przy ko\u015bciele. Dzi\u0119kujemy za zamiatanie, koszenie, grabienie. Dzi\u0119kujemy tym, kt\u00f3rzy przez dba\u0142o\u015b\u0107 o estetyk\u0119 terenu, wyra\u017caj\u0105 swoj\u0105 wiar\u0119 i mi\u0142o\u015b\u0107 do Boga.<br \/>\n14.     W \u015brod\u0119, 28 czerwca w Centrum Wparcia Fizycznego b\u0119dzie przyjmowa\u0142 logopeda szkolny w godz. 17.00-18.00<\/p>\n","protected":false},"excerpt":{"rendered":"<p>1. W ubieg\u0142\u0105 niedziel\u0119 odby\u0142 si\u0119 doroczny piknik rodzinny. Dzi\u0119kujemy tym, kt\u00f3rzy wzi\u0119li aktywny udzia\u0142 w naszej wsp\u00f3lnej rado\u015bci. Dzi\u0119kujemy Urz\u0119dowi miasta Legionowo za wsp\u00f3\u0142udzia\u0142 w organizacji pikniku, dzi\u0119kujemy Warsztatom Terapii Zaj\u0119ciowej \u015bw. Rity, Klubowi Seniora, firmie gastronomicznej Gruba Ka\u015bka z Legionowa, Piekarni Kalinka z Koby\u0142ki za nieoceniony wk\u0142ad w organizacji naszego spotkania. 2. Jeszcze [&hellip;]<\/p>\n","protected":false},"author":1,"featured_media":30657,"comment_status":"closed","ping_status":"closed","sticky":false,"template":"","format":"standard","meta":{"footnotes":""},"categories":[2,14],"tags":[],"class_list":["post-19816","post","type-post","status-publish","format-standard","has-post-thumbnail","hentry","category-aktualnosci","category-ogloszenia-parafialne"],"_links":{"self":[{"href":"https:\/\/mbfatimska.ovh\/index.php\/wp-json\/wp\/v2\/posts\/19816","targetHints":{"allow":["GET"]}}],"collection":[{"href":"https:\/\/mbfatimska.ovh\/index.php\/wp-json\/wp\/v2\/posts"}],"about":[{"href":"https:\/\/mbfatimska.ovh\/index.php\/wp-json\/wp\/v2\/types\/post"}],"author":[{"embeddable":true,"href":"https:\/\/mbfatimska.ovh\/index.php\/wp-json\/wp\/v2\/users\/1"}],"replies":[{"embeddable":true,"href":"https:\/\/mbfatimska.ovh\/index.php\/wp-json\/wp\/v2\/comments?post=19816"}],"version-history":[{"count":0,"href":"https:\/\/mbfatimska.ovh\/index.php\/wp-json\/wp\/v2\/posts\/19816\/revisions"}],"wp:featuredmedia":[{"embeddable":true,"href":"https:\/\/mbfatimska.ovh\/index.php\/wp-json\/wp\/v2\/media\/30657"}],"wp:attachment":[{"href":"https:\/\/mbfatimska.ovh\/index.php\/wp-json\/wp\/v2\/media?parent=19816"}],"wp:term":[{"taxonomy":"category","embeddable":true,"href":"https:\/\/mbfatimska.ovh\/index.php\/wp-json\/wp\/v2\/categories?post=19816"},{"taxonomy":"post_tag","embeddable":true,"href":"https:\/\/mbfatimska.ovh\/index.php\/wp-json\/wp\/v2\/tags?post=19816"}],"curies":[{"name":"wp","href":"https:\/\/api.w.org\/{rel}","templated":true}]}}