{"id":19835,"date":"2023-07-09T10:18:33","date_gmt":"2023-07-09T08:18:33","guid":{"rendered":"https:\/\/www.mbfatimska.pl\/?p=19835"},"modified":"2023-07-09T10:18:33","modified_gmt":"2023-07-09T08:18:33","slug":"xiii-niedziela-zwykla-3","status":"publish","type":"post","link":"https:\/\/mbfatimska.ovh\/index.php\/2023\/07\/09\/xiii-niedziela-zwykla-3\/","title":{"rendered":"XIV niedziela zwyk\u0142a"},"content":{"rendered":"<p>1.\tW najbli\u017cszym tygodniu mo\u017cemy skorzysta\u0107 z darmowych porad psychologa i prawnika.  Psycholog b\u0119dzie udziela\u0142 porad w poniedzia\u0142ek w godz. 18.00-20.00 a prawnik we wtorek w godz. 17.00-19.00. Porady odbywaj\u0105 si\u0119 w budynku Centrum Wsparcia Fizycznego.<br \/>\n2.\tOd poniedzia\u0142ku do pi\u0105tku w godz. 15.30-18.00 jest mo\u017cliwo\u015b\u0107 skorzystania z zabieg\u00f3w rehabilitacji i fizykoterapii. W ramach rehabilitacji s\u0105 dost\u0119pne zabiegi elektroterapii (jonoforyczne, galwanizacje, interferencje, stymulacje mi\u0119\u015bni, zabiegi diadynamiczne, Traberta, Kotza, tens), ultrad\u017awi\u0119ki, pole magnetyczne, drena\u017c limfatyczny, sala do \u0107wicze\u0144 usprawniaj\u0105cych i terapia manualna. Stosowne ulotki s\u0105 umieszczone na stolikach za \u0142awkami.<br \/>\n3.\tMo\u017cemy w razie potrzeby skorzysta\u0107 z wypo\u017cyczalni sprz\u0119tu rehabilitacyjnego we wtorki w godz. 12.00-14.00 i we czwartki w godz. 14.00-18.00.<br \/>\n4.\tW czwartek, 13 lipca o godz. 7.30 zostanie odprawiona Msza \u015bwi\u0119ta w intencji firm dzia\u0142aj\u0105cych na naszym legionowskim rynku, w intencji w\u0142a\u015bcicieli, pracownik\u00f3w i ich rodzin, oddaj\u0105c ich w opiek\u0119 Matki Bo\u017cej Fatimskiej, a o godz. 09.00 osoby niepe\u0142nosprawne i seniorzy pragn\u0105 odda\u0107 swoj\u0105 przysz\u0142o\u015b\u0107 Pani Fatimskiej.<br \/>\n5.\tTego samego dnia, 13 lipca , zapraszamy na kolejne nabo\u017ce\u0144stwo fatimskie. O godz. 19.00 zostanie odprawiona Msza \u015bwi\u0119ta z okoliczno\u015bciowym kazaniem, a nast\u0119pnie wyruszymy z procesj\u0105 fatimsk\u0105 , podczas kt\u00f3rej modli\u0107 si\u0119 b\u0119dziemy na r\u00f3\u017ca\u0144cu polecaj\u0105c Matce Bo\u017cej wszystkie nasze sprawy.<br \/>\n6.\tW przysz\u0142\u0105 niedziel\u0119, 16 lipca, podczas Mszy \u015bwi\u0119tej o godz. 9.00 odb\u0119dzie si\u0119 obrz\u0119d na\u0142o\u017cenia szkaplerza na osoby ch\u0119tne pod\u0105\u017ca\u0107 drog\u0105 Matki Bo\u017cej z G\u00f3ry Karmel. Deklaracje wyra\u017caj\u0105ce ch\u0119\u0107 na\u0142o\u017cenia szkaplerza s\u0105 wy\u0142o\u017cone na stolikach. Nale\u017cy je podpisa\u0107 w czasie Mszy \u015bwi\u0119tej i i z\u0142o\u017cy\u0107 na o\u0142tarzu. R\u00f3wnie\u017c wy\u0142o\u017cone s\u0105 przywileje i obowi\u0105zki nosz\u0105cych Szkaplerz. Oto one:<\/p>\n<p>Przywileje nosz\u0105cych szkaplerz<br \/>\n&#8211; Kto umrze odziany Szkaplerzem \u015bwi\u0119tym nie zostanie pot\u0119piony.<br \/>\n&#8211; Nosz\u0105cy(a) Szkaplerz jako czciciel(ka) Matki Bo\u017cej zapewnia sobie Jej opiek\u0119 co do duszy i cia\u0142a w tym \u017cyciu i szczeg\u00f3ln\u0105 pomoc w godzinie \u015bmierci.<br \/>\n&#8211; Ka\u017cdy(a), kto pobo\u017cnie nosi Szkaplerz \u015bwi\u0119ty i zachowuje czysto\u015b\u0107 wed\u0142ug stanu, zostanie wyprowadzony(a) z czy\u015b\u0107ca osobi\u015bcie przez Matk\u0119 Bo\u017c\u0105 w pierwsza sobot\u0119 po swej \u015bmierci.<br \/>\n&#8211; Ci, kt\u00f3rzy nale\u017c\u0105 do Bractwa Szkaplerznego s\u0105 duchowo z\u0142\u0105czeni z zakonem Karmelita\u0144skim i maja udzia\u0142 w jego duchowych dobrach za \u017cycia i po \u015bmierci, a wi\u0119c we Mszach \u015bwi\u0119tych, Komuniach \u015bwi\u0119tych, umartwieniach, modlitwach, postach itp.<\/p>\n<p>Obowi\u0105zki nosz\u0105cych Szkaplerz<br \/>\n&#8211; Na\u015bladowa\u0107 cnoty Matki Naj\u015bwi\u0119tszej i szerzy\u0107 Jej cze\u015b\u0107.<br \/>\n&#8211; Dniem i noc\u0105 nosi\u0107 na sobie Szkaplerz.<br \/>\n&#8211; Odmawia\u0107 codziennie modlitw\u0119 naznaczon\u0105 w dniu przyj\u0119cia do Szkaplerza (zazwyczaj Pod Twoj\u0105 Obron\u0119).<br \/>\n&#8211; Czyni\u0107 dobrze bli\u017anim.<\/p>\n<p>Praktyki zalecane nosz\u0105cym Szkaplerz \u015awi\u0119ty<br \/>\n&#8211; Przynajmniej raz w miesi\u0105cu, je\u017celi pozwol\u0105 na to warunki, oraz w \u015bwi\u0119ta Matki Bo\u017cej przyst\u0119powa\u0107 do spowiedzi i Komunii \u015bwi\u0119tej.<br \/>\n&#8211; Nawiedza\u0107 cz\u0119sto ko\u015bci\u00f3\u0142 i przynajmniej przez kilka minut modli\u0107 si\u0119 do Matki Bo\u017cej.<br \/>\n&#8211; Od czasu do czasu z mi\u0142o\u015bci do Matki Bo\u017cej wyrzec si\u0119 czego\u015b dozwolonego (drobne umartwienie).<br \/>\n7.\tW gablocie umieszczone s\u0105 inne og\u0142oszenia, z kt\u00f3rymi warto si\u0119 zapozna\u0107.<br \/>\n8.      Dzi\u0119kujemy za prace przy ko\u015bciele. Dzi\u0119kujemy za zamiatanie, koszenie, grabienie. Dzi\u0119kujemy tym, kt\u00f3rzy przez dba\u0142o\u015b\u0107 o estetyk\u0119 terenu, wyra\u017caj\u0105 swoj\u0105 wiar\u0119 i mi\u0142o\u015b\u0107 do Boga.<\/p>\n","protected":false},"excerpt":{"rendered":"<p>1. W najbli\u017cszym tygodniu mo\u017cemy skorzysta\u0107 z darmowych porad psychologa i prawnika. Psycholog b\u0119dzie udziela\u0142 porad w poniedzia\u0142ek w godz. 18.00-20.00 a prawnik we wtorek w godz. 17.00-19.00. Porady odbywaj\u0105 si\u0119 w budynku Centrum Wsparcia Fizycznego. 2. Od poniedzia\u0142ku do pi\u0105tku w godz. 15.30-18.00 jest mo\u017cliwo\u015b\u0107 skorzystania z zabieg\u00f3w rehabilitacji i fizykoterapii. W ramach rehabilitacji [&hellip;]<\/p>\n","protected":false},"author":1,"featured_media":30657,"comment_status":"closed","ping_status":"closed","sticky":false,"template":"","format":"standard","meta":{"footnotes":""},"categories":[2,14],"tags":[],"class_list":["post-19835","post","type-post","status-publish","format-standard","has-post-thumbnail","hentry","category-aktualnosci","category-ogloszenia-parafialne"],"_links":{"self":[{"href":"https:\/\/mbfatimska.ovh\/index.php\/wp-json\/wp\/v2\/posts\/19835","targetHints":{"allow":["GET"]}}],"collection":[{"href":"https:\/\/mbfatimska.ovh\/index.php\/wp-json\/wp\/v2\/posts"}],"about":[{"href":"https:\/\/mbfatimska.ovh\/index.php\/wp-json\/wp\/v2\/types\/post"}],"author":[{"embeddable":true,"href":"https:\/\/mbfatimska.ovh\/index.php\/wp-json\/wp\/v2\/users\/1"}],"replies":[{"embeddable":true,"href":"https:\/\/mbfatimska.ovh\/index.php\/wp-json\/wp\/v2\/comments?post=19835"}],"version-history":[{"count":0,"href":"https:\/\/mbfatimska.ovh\/index.php\/wp-json\/wp\/v2\/posts\/19835\/revisions"}],"wp:featuredmedia":[{"embeddable":true,"href":"https:\/\/mbfatimska.ovh\/index.php\/wp-json\/wp\/v2\/media\/30657"}],"wp:attachment":[{"href":"https:\/\/mbfatimska.ovh\/index.php\/wp-json\/wp\/v2\/media?parent=19835"}],"wp:term":[{"taxonomy":"category","embeddable":true,"href":"https:\/\/mbfatimska.ovh\/index.php\/wp-json\/wp\/v2\/categories?post=19835"},{"taxonomy":"post_tag","embeddable":true,"href":"https:\/\/mbfatimska.ovh\/index.php\/wp-json\/wp\/v2\/tags?post=19835"}],"curies":[{"name":"wp","href":"https:\/\/api.w.org\/{rel}","templated":true}]}}