{"id":19842,"date":"2023-07-16T07:57:37","date_gmt":"2023-07-16T05:57:37","guid":{"rendered":"https:\/\/www.mbfatimska.pl\/?p=19842"},"modified":"2023-07-16T07:57:37","modified_gmt":"2023-07-16T05:57:37","slug":"xv-niedziela-zwykla-3","status":"publish","type":"post","link":"https:\/\/mbfatimska.ovh\/index.php\/2023\/07\/16\/xv-niedziela-zwykla-3\/","title":{"rendered":"XV niedziela zwyk\u0142a"},"content":{"rendered":"<p>1.\tW dniu dzisiejszym z racji 16 lipca i przypadaj\u0105cego tego dnia wspomnienie Matki Bo\u017cej z G\u00f3ry Karmel na Mszy \u015bwi\u0119tej o godz. 9.00 odb\u0119dzie si\u0119 nabo\u017ce\u0144stwo po\u015bwi\u0119cenia i na\u0142o\u017cenia na osoby ch\u0119tne Szkaplerza karmelita\u0144skiego. Szkaplerz jest szat\u0105 Maryi, jest znakiem pokuty i nawr\u00f3cenia. Zapraszamy r\u00f3wnie\u017c osoby, kt\u00f3re ju\u017c nosz\u0105 Szkaplerz do odnowienia swoich przyrzecze\u0144.<br \/>\n2.\tJutro, w poniedzia\u0142ek, o godz. 10.00 zostanie odprawiona uroczysta Msza \u015bwi\u0119ta w intencji pracownik\u00f3w i s\u0142uchaczy Centrum Szkolenia Policji w Legionowie w zwi\u0105zku z przypadaj\u0105cym w tym tygodniu \u015bwi\u0119tem policji.<br \/>\n3.\tW \u015brod\u0119 zapraszamy na kolejne nabo\u017ce\u0144stwo do \u015bw. J\u00f3zefa, patrona ma\u0142\u017ce\u0144stw i rodzin. O godz. 19.00 zostanie odprawiona Msza \u015bwi\u0119ta z okoliczno\u015bciowym kazaniem, a nast\u0119pnie b\u0119dziemy poleca\u0107 nasze rodziny, ma\u0142\u017ce\u0144stwa, ich problemy w opiek\u0119 \u015bw. J\u00f3zefa. Intencje b\u0119dzie mo\u017cna z\u0142o\u017cy\u0107 przed Msz\u0105 \u015bwi\u0119t\u0105 o godz. 19.00 przed o\u0142tarzem.<br \/>\n4.\tW sobot\u0119, 22 lipca, odb\u0119dzie si\u0119 kolejne nabo\u017ce\u0144stwo do \u015bw. Rity, patronki spraw trudnych i beznadziejnych. O godz. 19.00 Eucharystia i bezpo\u015brednio po niej modlitwy do naszej patronki od spraw trudnych. R\u00f3\u017ce b\u0119dzie mo\u017cna zakupi\u0107 przed Msz\u0105 \u015bwi\u0119t\u0105 o godz. 19.00.<br \/>\n5.\tW niedziel\u0119 47 osobowa grupa dzieci wraz z opiekunami udaje si\u0119 na tygodniowy letni wypoczynek na Warmi\u0119 i Mazury. Przed podr\u00f3\u017c\u0105 wezm\u0105 udzia\u0142 we Mszy \u015bwi\u0119tej o godz. 7.30, nast\u0119pnie pakowanie baga\u017cy i wyjazd. \u017byczymy im dobrego wypoczynku, wielu wspania\u0142ych wra\u017ce\u0144 i opieki Matki Bo\u017cej i \u015bw. Krzysztofa na czas drogi i pobytu.<br \/>\n6.\tJeszcze dzisiaj o godz. 15.00 w Muzeum Historycznym na Piaskach odb\u0119dzie si\u0119 wyk\u0142ad pana dr Andrzeja Kaczy\u0144skiego pana dr Artura Bojarskiego w zwi\u0105zku z 60-leciem Jeziora Zegrzy\u0144skiego. B\u0119dzie wiele o historii, gospodarce, turystyce i wypoczynku.<br \/>\n7.\tDzi\u0119kujemy za pi\u0105tkowe i sobotnie prace porz\u0105dkowe na terenie ko\u015bcielnym. Dzi\u0119ki pracy kilku oddanych os\u00f3b nasz teren jest zadbany i przyci\u0105ga wielu sw\u0105 estetyk\u0105.<\/p>\n","protected":false},"excerpt":{"rendered":"<p>1. W dniu dzisiejszym z racji 16 lipca i przypadaj\u0105cego tego dnia wspomnienie Matki Bo\u017cej z G\u00f3ry Karmel na Mszy \u015bwi\u0119tej o godz. 9.00 odb\u0119dzie si\u0119 nabo\u017ce\u0144stwo po\u015bwi\u0119cenia i na\u0142o\u017cenia na osoby ch\u0119tne Szkaplerza karmelita\u0144skiego. Szkaplerz jest szat\u0105 Maryi, jest znakiem pokuty i nawr\u00f3cenia. Zapraszamy r\u00f3wnie\u017c osoby, kt\u00f3re ju\u017c nosz\u0105 Szkaplerz do odnowienia swoich przyrzecze\u0144. [&hellip;]<\/p>\n","protected":false},"author":1,"featured_media":30657,"comment_status":"closed","ping_status":"closed","sticky":false,"template":"","format":"standard","meta":{"footnotes":""},"categories":[2,14],"tags":[],"class_list":["post-19842","post","type-post","status-publish","format-standard","has-post-thumbnail","hentry","category-aktualnosci","category-ogloszenia-parafialne"],"_links":{"self":[{"href":"https:\/\/mbfatimska.ovh\/index.php\/wp-json\/wp\/v2\/posts\/19842","targetHints":{"allow":["GET"]}}],"collection":[{"href":"https:\/\/mbfatimska.ovh\/index.php\/wp-json\/wp\/v2\/posts"}],"about":[{"href":"https:\/\/mbfatimska.ovh\/index.php\/wp-json\/wp\/v2\/types\/post"}],"author":[{"embeddable":true,"href":"https:\/\/mbfatimska.ovh\/index.php\/wp-json\/wp\/v2\/users\/1"}],"replies":[{"embeddable":true,"href":"https:\/\/mbfatimska.ovh\/index.php\/wp-json\/wp\/v2\/comments?post=19842"}],"version-history":[{"count":0,"href":"https:\/\/mbfatimska.ovh\/index.php\/wp-json\/wp\/v2\/posts\/19842\/revisions"}],"wp:featuredmedia":[{"embeddable":true,"href":"https:\/\/mbfatimska.ovh\/index.php\/wp-json\/wp\/v2\/media\/30657"}],"wp:attachment":[{"href":"https:\/\/mbfatimska.ovh\/index.php\/wp-json\/wp\/v2\/media?parent=19842"}],"wp:term":[{"taxonomy":"category","embeddable":true,"href":"https:\/\/mbfatimska.ovh\/index.php\/wp-json\/wp\/v2\/categories?post=19842"},{"taxonomy":"post_tag","embeddable":true,"href":"https:\/\/mbfatimska.ovh\/index.php\/wp-json\/wp\/v2\/tags?post=19842"}],"curies":[{"name":"wp","href":"https:\/\/api.w.org\/{rel}","templated":true}]}}