{"id":19850,"date":"2023-07-24T23:17:23","date_gmt":"2023-07-24T21:17:23","guid":{"rendered":"https:\/\/www.mbfatimska.pl\/?p=19850"},"modified":"2023-07-24T23:17:23","modified_gmt":"2023-07-24T21:17:23","slug":"swieto-policji","status":"publish","type":"post","link":"https:\/\/mbfatimska.ovh\/index.php\/2023\/07\/24\/swieto-policji\/","title":{"rendered":"\u015awi\u0119to Policji"},"content":{"rendered":"<p><div id='gallery-1' class='gallery galleryid-19850 gallery-columns-3 gallery-size-medium'><figure class='gallery-item'>\n\t\t\t<div class='gallery-icon landscape'>\n\t\t\t\t<a href='https:\/\/mbfatimska.ovh\/img-20230719-wa0031\/'><img fetchpriority=\"high\" decoding=\"async\" width=\"300\" height=\"225\" src=\"https:\/\/mbfatimska.ovh\/wp-content\/uploads\/2023\/07\/IMG-20230719-WA0031-1-300x225.jpg\" class=\"attachment-medium size-medium\" alt=\"\" srcset=\"https:\/\/mbfatimska.ovh\/wp-content\/uploads\/2023\/07\/IMG-20230719-WA0031-1-300x225.jpg 300w, https:\/\/mbfatimska.ovh\/wp-content\/uploads\/2023\/07\/IMG-20230719-WA0031-1-1024x768.jpg 1024w, https:\/\/mbfatimska.ovh\/wp-content\/uploads\/2023\/07\/IMG-20230719-WA0031-1-768x576.jpg 768w, https:\/\/mbfatimska.ovh\/wp-content\/uploads\/2023\/07\/IMG-20230719-WA0031-1-1536x1152.jpg 1536w, https:\/\/mbfatimska.ovh\/wp-content\/uploads\/2023\/07\/IMG-20230719-WA0031-1.jpg 2000w\" sizes=\"(max-width: 300px) 100vw, 300px\" \/><\/a>\n\t\t\t<\/div><\/figure><figure class='gallery-item'>\n\t\t\t<div class='gallery-icon landscape'>\n\t\t\t\t<a href='https:\/\/mbfatimska.ovh\/img-20230719-wa0030\/'><img decoding=\"async\" width=\"300\" height=\"225\" src=\"https:\/\/mbfatimska.ovh\/wp-content\/uploads\/2023\/07\/IMG-20230719-WA0030-1-300x225.jpg\" class=\"attachment-medium size-medium\" alt=\"\" srcset=\"https:\/\/mbfatimska.ovh\/wp-content\/uploads\/2023\/07\/IMG-20230719-WA0030-1-300x225.jpg 300w, https:\/\/mbfatimska.ovh\/wp-content\/uploads\/2023\/07\/IMG-20230719-WA0030-1-1024x768.jpg 1024w, https:\/\/mbfatimska.ovh\/wp-content\/uploads\/2023\/07\/IMG-20230719-WA0030-1-768x576.jpg 768w, https:\/\/mbfatimska.ovh\/wp-content\/uploads\/2023\/07\/IMG-20230719-WA0030-1-1536x1152.jpg 1536w, https:\/\/mbfatimska.ovh\/wp-content\/uploads\/2023\/07\/IMG-20230719-WA0030-1.jpg 2000w\" sizes=\"(max-width: 300px) 100vw, 300px\" \/><\/a>\n\t\t\t<\/div><\/figure><figure class='gallery-item'>\n\t\t\t<div class='gallery-icon landscape'>\n\t\t\t\t<a href='https:\/\/mbfatimska.ovh\/img-20230719-wa0029\/'><img decoding=\"async\" width=\"300\" height=\"225\" src=\"https:\/\/mbfatimska.ovh\/wp-content\/uploads\/2023\/07\/IMG-20230719-WA0029-1-300x225.jpg\" class=\"attachment-medium size-medium\" alt=\"\" srcset=\"https:\/\/mbfatimska.ovh\/wp-content\/uploads\/2023\/07\/IMG-20230719-WA0029-1-300x225.jpg 300w, https:\/\/mbfatimska.ovh\/wp-content\/uploads\/2023\/07\/IMG-20230719-WA0029-1-1024x768.jpg 1024w, https:\/\/mbfatimska.ovh\/wp-content\/uploads\/2023\/07\/IMG-20230719-WA0029-1-768x576.jpg 768w, https:\/\/mbfatimska.ovh\/wp-content\/uploads\/2023\/07\/IMG-20230719-WA0029-1-1536x1152.jpg 1536w, https:\/\/mbfatimska.ovh\/wp-content\/uploads\/2023\/07\/IMG-20230719-WA0029-1.jpg 2000w\" sizes=\"(max-width: 300px) 100vw, 300px\" \/><\/a>\n\t\t\t<\/div><\/figure><figure class='gallery-item'>\n\t\t\t<div class='gallery-icon landscape'>\n\t\t\t\t<a href='https:\/\/mbfatimska.ovh\/img-20230719-wa0005\/'><img loading=\"lazy\" decoding=\"async\" width=\"300\" height=\"225\" src=\"https:\/\/mbfatimska.ovh\/wp-content\/uploads\/2023\/07\/IMG-20230719-WA0005-1-300x225.jpg\" class=\"attachment-medium size-medium\" alt=\"\" srcset=\"https:\/\/mbfatimska.ovh\/wp-content\/uploads\/2023\/07\/IMG-20230719-WA0005-1-300x225.jpg 300w, https:\/\/mbfatimska.ovh\/wp-content\/uploads\/2023\/07\/IMG-20230719-WA0005-1-1024x768.jpg 1024w, https:\/\/mbfatimska.ovh\/wp-content\/uploads\/2023\/07\/IMG-20230719-WA0005-1-768x576.jpg 768w, https:\/\/mbfatimska.ovh\/wp-content\/uploads\/2023\/07\/IMG-20230719-WA0005-1-1536x1152.jpg 1536w, https:\/\/mbfatimska.ovh\/wp-content\/uploads\/2023\/07\/IMG-20230719-WA0005-1.jpg 2000w\" sizes=\"(max-width: 300px) 100vw, 300px\" \/><\/a>\n\t\t\t<\/div><\/figure><figure class='gallery-item'>\n\t\t\t<div class='gallery-icon landscape'>\n\t\t\t\t<a href='https:\/\/mbfatimska.ovh\/img-20230719-wa0006\/'><img loading=\"lazy\" decoding=\"async\" width=\"300\" height=\"225\" src=\"https:\/\/mbfatimska.ovh\/wp-content\/uploads\/2023\/07\/IMG-20230719-WA0006-1-300x225.jpg\" class=\"attachment-medium size-medium\" alt=\"\" srcset=\"https:\/\/mbfatimska.ovh\/wp-content\/uploads\/2023\/07\/IMG-20230719-WA0006-1-300x225.jpg 300w, https:\/\/mbfatimska.ovh\/wp-content\/uploads\/2023\/07\/IMG-20230719-WA0006-1-1024x768.jpg 1024w, https:\/\/mbfatimska.ovh\/wp-content\/uploads\/2023\/07\/IMG-20230719-WA0006-1-768x576.jpg 768w, https:\/\/mbfatimska.ovh\/wp-content\/uploads\/2023\/07\/IMG-20230719-WA0006-1-1536x1152.jpg 1536w, https:\/\/mbfatimska.ovh\/wp-content\/uploads\/2023\/07\/IMG-20230719-WA0006-1.jpg 2000w\" sizes=\"(max-width: 300px) 100vw, 300px\" \/><\/a>\n\t\t\t<\/div><\/figure><figure class='gallery-item'>\n\t\t\t<div class='gallery-icon landscape'>\n\t\t\t\t<a href='https:\/\/mbfatimska.ovh\/img-20230719-wa0043\/'><img loading=\"lazy\" decoding=\"async\" width=\"300\" height=\"225\" src=\"https:\/\/mbfatimska.ovh\/wp-content\/uploads\/2023\/07\/IMG-20230719-WA0043-1-300x225.jpg\" class=\"attachment-medium size-medium\" alt=\"\" srcset=\"https:\/\/mbfatimska.ovh\/wp-content\/uploads\/2023\/07\/IMG-20230719-WA0043-1-300x225.jpg 300w, https:\/\/mbfatimska.ovh\/wp-content\/uploads\/2023\/07\/IMG-20230719-WA0043-1-1024x768.jpg 1024w, https:\/\/mbfatimska.ovh\/wp-content\/uploads\/2023\/07\/IMG-20230719-WA0043-1-768x576.jpg 768w, https:\/\/mbfatimska.ovh\/wp-content\/uploads\/2023\/07\/IMG-20230719-WA0043-1-1536x1152.jpg 1536w, https:\/\/mbfatimska.ovh\/wp-content\/uploads\/2023\/07\/IMG-20230719-WA0043-1.jpg 1600w\" sizes=\"(max-width: 300px) 100vw, 300px\" \/><\/a>\n\t\t\t<\/div><\/figure><figure class='gallery-item'>\n\t\t\t<div class='gallery-icon landscape'>\n\t\t\t\t<a href='https:\/\/mbfatimska.ovh\/img-20230719-wa0032\/'><img loading=\"lazy\" decoding=\"async\" width=\"300\" height=\"225\" src=\"https:\/\/mbfatimska.ovh\/wp-content\/uploads\/2023\/07\/IMG-20230719-WA0032-1-300x225.jpg\" class=\"attachment-medium size-medium\" alt=\"\" srcset=\"https:\/\/mbfatimska.ovh\/wp-content\/uploads\/2023\/07\/IMG-20230719-WA0032-1-300x225.jpg 300w, https:\/\/mbfatimska.ovh\/wp-content\/uploads\/2023\/07\/IMG-20230719-WA0032-1-1024x768.jpg 1024w, https:\/\/mbfatimska.ovh\/wp-content\/uploads\/2023\/07\/IMG-20230719-WA0032-1-768x576.jpg 768w, https:\/\/mbfatimska.ovh\/wp-content\/uploads\/2023\/07\/IMG-20230719-WA0032-1-1536x1152.jpg 1536w, https:\/\/mbfatimska.ovh\/wp-content\/uploads\/2023\/07\/IMG-20230719-WA0032-1.jpg 2000w\" sizes=\"(max-width: 300px) 100vw, 300px\" \/><\/a>\n\t\t\t<\/div><\/figure>\n\t\t<\/div>\nOd 1995 roku w naszej Ojczy\u017anie w dniu 24 lipca obchodzimy \u015awi\u0119to Policji. W zwi\u0105zku z tym \u015bwi\u0119tem w naszej parafii w poniedzia\u0142ek, 17 lipca, zosta\u0142a odprawiona uroczysta  Msza \u015bwi\u0119ta w intencji prze\u0142o\u017conych, wyk\u0142adowc\u00f3w, s\u0142uchaczy i pracownik\u00f3w cywilnych Centrum Szkolenia Policji w Legionowie. Mszy \u015bwi\u0119tej przewodniczy\u0142 Ksi\u0105dz Pra\u0142at Tomasz Chcia\u0142owski, proboszcz naszej parafii, a koncelebrowa\u0142 Ksi\u0105dz pp\u0142k Marcin Czeropski, proboszcz parafii \u015bw. J\u00f3zefa Oblubie\u0144ca Naj\u015bwi\u0119tszej Maryi Panny w Legionowie. Uroczysto\u015b\u0107 zosta\u0142a u\u015bwietniona obecno\u015bci\u0105 pocztu sztandarowego Centrum Szkolenia Policji oraz obecno\u015bci\u0105 i s\u0142owem skierowanym do wszystkich uczestnik\u00f3w Komendanta Centrum Szkolenia Policji insp. Anny J\u0119drzejewskiej-Szpak. Pami\u0119tamy w naszych codziennych modlitwach o tych, kt\u00f3rzy ka\u017cdego dnia strzeg\u0105 naszego bezpiecze\u0144stwa i pokoju. <\/p>\n","protected":false},"excerpt":{"rendered":"<p>Od 1995 roku w naszej Ojczy\u017anie w dniu 24 lipca obchodzimy \u015awi\u0119to Policji. W zwi\u0105zku z tym \u015bwi\u0119tem w naszej parafii w poniedzia\u0142ek, 17 lipca, zosta\u0142a odprawiona uroczysta Msza \u015bwi\u0119ta w intencji prze\u0142o\u017conych, wyk\u0142adowc\u00f3w, s\u0142uchaczy i pracownik\u00f3w cywilnych Centrum Szkolenia Policji w Legionowie. Mszy \u015bwi\u0119tej przewodniczy\u0142 Ksi\u0105dz Pra\u0142at Tomasz Chcia\u0142owski, proboszcz naszej parafii, a koncelebrowa\u0142 [&hellip;]<\/p>\n","protected":false},"author":1,"featured_media":20618,"comment_status":"closed","ping_status":"closed","sticky":false,"template":"","format":"gallery","meta":{"footnotes":""},"categories":[2],"tags":[],"class_list":["post-19850","post","type-post","status-publish","format-gallery","has-post-thumbnail","hentry","category-aktualnosci","post_format-post-format-gallery"],"_links":{"self":[{"href":"https:\/\/mbfatimska.ovh\/index.php\/wp-json\/wp\/v2\/posts\/19850","targetHints":{"allow":["GET"]}}],"collection":[{"href":"https:\/\/mbfatimska.ovh\/index.php\/wp-json\/wp\/v2\/posts"}],"about":[{"href":"https:\/\/mbfatimska.ovh\/index.php\/wp-json\/wp\/v2\/types\/post"}],"author":[{"embeddable":true,"href":"https:\/\/mbfatimska.ovh\/index.php\/wp-json\/wp\/v2\/users\/1"}],"replies":[{"embeddable":true,"href":"https:\/\/mbfatimska.ovh\/index.php\/wp-json\/wp\/v2\/comments?post=19850"}],"version-history":[{"count":0,"href":"https:\/\/mbfatimska.ovh\/index.php\/wp-json\/wp\/v2\/posts\/19850\/revisions"}],"wp:featuredmedia":[{"embeddable":true,"href":"https:\/\/mbfatimska.ovh\/index.php\/wp-json\/wp\/v2\/media\/20618"}],"wp:attachment":[{"href":"https:\/\/mbfatimska.ovh\/index.php\/wp-json\/wp\/v2\/media?parent=19850"}],"wp:term":[{"taxonomy":"category","embeddable":true,"href":"https:\/\/mbfatimska.ovh\/index.php\/wp-json\/wp\/v2\/categories?post=19850"},{"taxonomy":"post_tag","embeddable":true,"href":"https:\/\/mbfatimska.ovh\/index.php\/wp-json\/wp\/v2\/tags?post=19850"}],"curies":[{"name":"wp","href":"https:\/\/api.w.org\/{rel}","templated":true}]}}